{"id":50433,"date":"2024-02-09T11:49:46","date_gmt":"2024-02-09T17:49:46","guid":{"rendered":"https:\/\/encuentroinformativo.com.mx\/?p=50433"},"modified":"2024-02-09T11:49:51","modified_gmt":"2024-02-09T17:49:51","slug":"por-segundo-dia-mantienen-protesta-estudiantes-de-la-uvi","status":"publish","type":"post","link":"https:\/\/encuentroinformativo.com.mx\/?p=50433","title":{"rendered":"Por segundo d\u00eda, mantienen protesta estudiantes de la UVI"},"content":{"rendered":"\n<p><strong>Dar\u00edo Pale <\/strong><\/p>\n\n\n\n<p>Xalapa, Ver.- Por segundo d\u00eda consecutivo, estudiantes de la licenciatura en Agroecolog\u00eda y Soberan\u00eda Alimentaria, de la Universidad Veracruzana Intercultural (UVI), en esta capital, bloquearon la calle de Zaragoza, esquina con Sebasti\u00e1n Camacho, porque cancelaron la licenciatura.<\/p>\n\n\n\n<p>Entrevistada durante la manifestaci\u00f3n Celeste Ruiz G\u00f3mez, estudiante de dicha carrera pidi\u00f3 que el rector Mart\u00edn Aguilar S\u00e1nchez los atienda para llegar a un acuerdo que beneficie tanto a los estudiantes como a los maestros de la misma universidad, porque este jueves no obtuvieron una respuesta favorable a sus demandas.<br>Indic\u00f3 que este jueves alrededor de las 10 de la ma\u00f1ana les anunciaron que la carrera ya no ser\u00eda tomada en cuenta como una licenciatura.<\/p>\n\n\n\n<p>Expres\u00f3 que la protesta es porque se han dado cuenta que no tienen el apoyo del director Daniel Bello L\u00f3pez y por ello ahora exigen que el rector Mart\u00edn Gerardo Aguilar S\u00e1nchez los atienda.<\/p>\n\n\n\n<p>&#8220;No por suplentes, sino \u00e9l para llegar a un acuerdo y que beneficie a la Universidad y que nos beneficia a nosotros como estudiantes, incluso a los maestros&#8221;, se\u00f1al\u00f3.<\/p>\n\n\n\n<p>Por \u00faltimo cabe recordar que la inconformidad de los estudiantes de esta extensi\u00f3n de la Universidad Veracruzana, es porque el Director les inform\u00f3 que ya no se iba a ofertar la licenciatura, por lo que alrededor de 80 estudiantes se ver\u00e1n afectados.<\/p>\n","protected":false},"excerpt":{"rendered":"<p>Dar\u00edo Pale Xalapa, Ver.- Por segundo d\u00eda consecutivo, estudiantes de la licenciatura en Agroecolog\u00eda y Soberan\u00eda Alimentaria, de la Universidad Veracruzana Intercultural (UVI), en esta capital, bloquearon la calle de Zaragoza, esquina con Sebasti\u00e1n Camacho, porque cancelaron la licenciatura. Entrevistada durante la manifestaci\u00f3n Celeste Ruiz G\u00f3mez, estudiante de dicha carrera pidi\u00f3 que el rector Mart\u00edn [&hellip;]<\/p>\n","protected":false},"author":2476,"featured_media":50434,"comment_status":"open","ping_status":"open","sticky":false,"template":"","format":"standard","meta":{"_jetpack_memberships_contains_paid_content":false,"footnotes":""},"categories":[3],"tags":[],"class_list":["post-50433","post","type-post","status-publish","format-standard","has-post-thumbnail","hentry","category-xalapa"],"jetpack_featured_media_url":"https:\/\/encuentroinformativo.com.mx\/wp-content\/uploads\/2024\/02\/IMG-20240209-WA0010.jpg","jetpack_sharing_enabled":true,"jetpack_likes_enabled":true,"amp_enabled":true,"_links":{"self":[{"href":"https:\/\/encuentroinformativo.com.mx\/index.php?rest_route=\/wp\/v2\/posts\/50433","targetHints":{"allow":["GET"]}}],"collection":[{"href":"https:\/\/encuentroinformativo.com.mx\/index.php?rest_route=\/wp\/v2\/posts"}],"about":[{"href":"https:\/\/encuentroinformativo.com.mx\/index.php?rest_route=\/wp\/v2\/types\/post"}],"author":[{"embeddable":true,"href":"https:\/\/encuentroinformativo.com.mx\/index.php?rest_route=\/wp\/v2\/users\/2476"}],"replies":[{"embeddable":true,"href":"https:\/\/encuentroinformativo.com.mx\/index.php?rest_route=%2Fwp%2Fv2%2Fcomments&post=50433"}],"version-history":[{"count":1,"href":"https:\/\/encuentroinformativo.com.mx\/index.php?rest_route=\/wp\/v2\/posts\/50433\/revisions"}],"predecessor-version":[{"id":50435,"href":"https:\/\/encuentroinformativo.com.mx\/index.php?rest_route=\/wp\/v2\/posts\/50433\/revisions\/50435"}],"wp:featuredmedia":[{"embeddable":true,"href":"https:\/\/encuentroinformativo.com.mx\/index.php?rest_route=\/wp\/v2\/media\/50434"}],"wp:attachment":[{"href":"https:\/\/encuentroinformativo.com.mx\/index.php?rest_route=%2Fwp%2Fv2%2Fmedia&parent=50433"}],"wp:term":[{"taxonomy":"category","embeddable":true,"href":"https:\/\/encuentroinformativo.com.mx\/index.php?rest_route=%2Fwp%2Fv2%2Fcategories&post=50433"},{"taxonomy":"post_tag","embeddable":true,"href":"https:\/\/encuentroinformativo.com.mx\/index.php?rest_route=%2Fwp%2Fv2%2Ftags&post=50433"}],"curies":[{"name":"wp","href":"https:\/\/api.w.org\/{rel}","templated":true}]}}