{"id":50439,"date":"2024-02-09T13:32:02","date_gmt":"2024-02-09T19:32:02","guid":{"rendered":"https:\/\/encuentroinformativo.com.mx\/?p=50439"},"modified":"2024-02-09T13:32:08","modified_gmt":"2024-02-09T19:32:08","slug":"en-morena-no-hay-rompimientos-todos-se-suman-segun-ramon-alvarez","status":"publish","type":"post","link":"https:\/\/encuentroinformativo.com.mx\/?p=50439","title":{"rendered":"En Morena no hay rompimientos todos se suman, seg\u00fan Ram\u00f3n \u00c1lvarez"},"content":{"rendered":"\n<p><strong>Alejandro \u00c1vila<\/strong><\/p>\n\n\n\n<p>Veracruz, Ver.- Tras darse a conocer que ser\u00e1 Claudia Tello Espinosa, la que acompa\u00f1e a Manuel Huerta Ladr\u00f3n de Guevara en la f\u00f3rmula al Senado por Morena, el empresario Ram\u00f3n \u00c1lvarez Font\u00e1n destac\u00f3 la unidad y madurez que hay al interior del partido guinda.<\/p>\n\n\n\n<p>El ex delegado de la Secretar\u00eda de Comunicaciones y Transportes (SCT), dijo que todo aquel que no se encuentre favorecido en las encuestas internas de Morena se sumar\u00e1 a las campa\u00f1as de los candidatos que sean finalmente ungidos.<\/p>\n\n\n\n<p>&#8220;En Morena como es por encuesta est\u00e1n saliendo las personas que el pueblo y la gente est\u00e1n votando por ellos, entonces, el que no est\u00e1 siendo beneficiado con el voto qu\u00e9 est\u00e1 haciendo, que se est\u00e1 sumando campa\u00f1as, aqu\u00ed no hay rompimientos, lo primero que tenemos que ver es el movimiento de Morena, que es importante, fuerte y s\u00f3lido. Entonces, eso la oposici\u00f3n no pensaba que eso iba a pasar en Morena, ellos daban por hecho que iba a haber rompimiento, que iba a haber pleitos, y salimos de un proceso nacional limpio&#8221;, expres\u00f3.<\/p>\n\n\n\n<p>Se estima que antes de que finalice el mes de febrero se den a conocer los candidatos en los diferentes distritos locales y federales de Veracruz.<\/p>\n\n\n\n<p>Finalmente Ram\u00f3n \u00c1lvarez Font\u00e1n qui\u00e9n aspira a la candidatura por el distrito 14 mencion\u00f3 que contin\u00faa con su programa de apoyo de \u00fatiles escolares en las colonias de la ciudad de Veracruz; adem\u00e1s, invit\u00f3 a todos los simpatizantes a acudir a la cabecera municipal de Alvarado este s\u00e1bado 10 de febrero, donde la Coordinadora de la Defensa de la Cuarta Transformaci\u00f3n en Veracruz, Roc\u00edo Nahle Garc\u00eda tendr\u00e1 su cierre de precampa\u00f1a.<\/p>\n","protected":false},"excerpt":{"rendered":"<p>Alejandro \u00c1vila Veracruz, Ver.- Tras darse a conocer que ser\u00e1 Claudia Tello Espinosa, la que acompa\u00f1e a Manuel Huerta Ladr\u00f3n de Guevara en la f\u00f3rmula al Senado por Morena, el empresario Ram\u00f3n \u00c1lvarez Font\u00e1n destac\u00f3 la unidad y madurez que hay al interior del partido guinda. El ex delegado de la Secretar\u00eda de Comunicaciones y [&hellip;]<\/p>\n","protected":false},"author":2476,"featured_media":50440,"comment_status":"open","ping_status":"open","sticky":false,"template":"","format":"standard","meta":{"_jetpack_memberships_contains_paid_content":false,"footnotes":""},"categories":[2],"tags":[],"class_list":["post-50439","post","type-post","status-publish","format-standard","has-post-thumbnail","hentry","category-estado"],"jetpack_featured_media_url":"https:\/\/encuentroinformativo.com.mx\/wp-content\/uploads\/2024\/02\/IMG-20240209-WA00282.jpg","jetpack_sharing_enabled":true,"jetpack_likes_enabled":true,"amp_enabled":true,"_links":{"self":[{"href":"https:\/\/encuentroinformativo.com.mx\/index.php?rest_route=\/wp\/v2\/posts\/50439","targetHints":{"allow":["GET"]}}],"collection":[{"href":"https:\/\/encuentroinformativo.com.mx\/index.php?rest_route=\/wp\/v2\/posts"}],"about":[{"href":"https:\/\/encuentroinformativo.com.mx\/index.php?rest_route=\/wp\/v2\/types\/post"}],"author":[{"embeddable":true,"href":"https:\/\/encuentroinformativo.com.mx\/index.php?rest_route=\/wp\/v2\/users\/2476"}],"replies":[{"embeddable":true,"href":"https:\/\/encuentroinformativo.com.mx\/index.php?rest_route=%2Fwp%2Fv2%2Fcomments&post=50439"}],"version-history":[{"count":1,"href":"https:\/\/encuentroinformativo.com.mx\/index.php?rest_route=\/wp\/v2\/posts\/50439\/revisions"}],"predecessor-version":[{"id":50441,"href":"https:\/\/encuentroinformativo.com.mx\/index.php?rest_route=\/wp\/v2\/posts\/50439\/revisions\/50441"}],"wp:featuredmedia":[{"embeddable":true,"href":"https:\/\/encuentroinformativo.com.mx\/index.php?rest_route=\/wp\/v2\/media\/50440"}],"wp:attachment":[{"href":"https:\/\/encuentroinformativo.com.mx\/index.php?rest_route=%2Fwp%2Fv2%2Fmedia&parent=50439"}],"wp:term":[{"taxonomy":"category","embeddable":true,"href":"https:\/\/encuentroinformativo.com.mx\/index.php?rest_route=%2Fwp%2Fv2%2Fcategories&post=50439"},{"taxonomy":"post_tag","embeddable":true,"href":"https:\/\/encuentroinformativo.com.mx\/index.php?rest_route=%2Fwp%2Fv2%2Ftags&post=50439"}],"curies":[{"name":"wp","href":"https:\/\/api.w.org\/{rel}","templated":true}]}}