{"id":50442,"date":"2024-02-09T13:38:21","date_gmt":"2024-02-09T19:38:21","guid":{"rendered":"https:\/\/encuentroinformativo.com.mx\/?p=50442"},"modified":"2024-02-09T13:38:26","modified_gmt":"2024-02-09T19:38:26","slug":"por-problemas-pulmonares-fallece-regidor-porteno","status":"publish","type":"post","link":"https:\/\/encuentroinformativo.com.mx\/?p=50442","title":{"rendered":"Por problemas pulmonares, fallece regidor porte\u00f1o"},"content":{"rendered":"\n<p><strong>Alejandro \u00c1vila<\/strong><\/p>\n\n\n\n<p>Veracruz, Ver.- El regidor onceavo del Ayuntamiento de Veracruz, Alvaro Espinosa Rol\u00f3n, falleci\u00f3 la ma\u00f1ana de este viernes producto de problemas pulmonares.<\/p>\n\n\n\n<p>Seg\u00fan la informaci\u00f3n obtenida, el edil fue portador de COVID durante el inicio de la pandemia; situaci\u00f3n que debido a su mayor\u00eda de edad le afect\u00f3 severamente las v\u00edas respiratorias.<\/p>\n\n\n\n<p>Desde hace meses, el panista con 21 a\u00f1os de militancia, acud\u00eda peri\u00f3dicamente a la Ciudad de M\u00e9xico para sus tratamientos con un neum\u00f3logo e incluso, ya ten\u00eda constantemente que usar ox\u00edgeno artificial.<\/p>\n\n\n\n<p>La ma\u00f1ana de este viernes aproximadamente a las 11 de la ma\u00f1ana se dio a conocer a los integrantes del Ayuntamiento de Veracruz que el edil hab\u00eda perdido la vida en la Ciudad de M\u00e9xico, de la cual ya no pudo regresar tras su tratamiento de fibrosis pulmonar.<\/p>\n\n\n\n<p>En las semanas siguientes se notificar\u00e1 al Congreso de Veracruz la toma de protesta en el Cabildo porte\u00f1o de Carlos P\u00e9rez Montes, quien fung\u00eda como suplente del panista.<\/p>\n","protected":false},"excerpt":{"rendered":"<p>Alejandro \u00c1vila Veracruz, Ver.- El regidor onceavo del Ayuntamiento de Veracruz, Alvaro Espinosa Rol\u00f3n, falleci\u00f3 la ma\u00f1ana de este viernes producto de problemas pulmonares. Seg\u00fan la informaci\u00f3n obtenida, el edil fue portador de COVID durante el inicio de la pandemia; situaci\u00f3n que debido a su mayor\u00eda de edad le afect\u00f3 severamente las v\u00edas respiratorias. Desde [&hellip;]<\/p>\n","protected":false},"author":2476,"featured_media":50443,"comment_status":"open","ping_status":"open","sticky":false,"template":"","format":"standard","meta":{"_jetpack_memberships_contains_paid_content":false,"footnotes":""},"categories":[2],"tags":[],"class_list":["post-50442","post","type-post","status-publish","format-standard","has-post-thumbnail","hentry","category-estado"],"jetpack_featured_media_url":"https:\/\/encuentroinformativo.com.mx\/wp-content\/uploads\/2024\/02\/Point-Blur_Feb092024_133501.jpg","jetpack_sharing_enabled":true,"jetpack_likes_enabled":true,"amp_enabled":true,"_links":{"self":[{"href":"https:\/\/encuentroinformativo.com.mx\/index.php?rest_route=\/wp\/v2\/posts\/50442","targetHints":{"allow":["GET"]}}],"collection":[{"href":"https:\/\/encuentroinformativo.com.mx\/index.php?rest_route=\/wp\/v2\/posts"}],"about":[{"href":"https:\/\/encuentroinformativo.com.mx\/index.php?rest_route=\/wp\/v2\/types\/post"}],"author":[{"embeddable":true,"href":"https:\/\/encuentroinformativo.com.mx\/index.php?rest_route=\/wp\/v2\/users\/2476"}],"replies":[{"embeddable":true,"href":"https:\/\/encuentroinformativo.com.mx\/index.php?rest_route=%2Fwp%2Fv2%2Fcomments&post=50442"}],"version-history":[{"count":1,"href":"https:\/\/encuentroinformativo.com.mx\/index.php?rest_route=\/wp\/v2\/posts\/50442\/revisions"}],"predecessor-version":[{"id":50444,"href":"https:\/\/encuentroinformativo.com.mx\/index.php?rest_route=\/wp\/v2\/posts\/50442\/revisions\/50444"}],"wp:featuredmedia":[{"embeddable":true,"href":"https:\/\/encuentroinformativo.com.mx\/index.php?rest_route=\/wp\/v2\/media\/50443"}],"wp:attachment":[{"href":"https:\/\/encuentroinformativo.com.mx\/index.php?rest_route=%2Fwp%2Fv2%2Fmedia&parent=50442"}],"wp:term":[{"taxonomy":"category","embeddable":true,"href":"https:\/\/encuentroinformativo.com.mx\/index.php?rest_route=%2Fwp%2Fv2%2Fcategories&post=50442"},{"taxonomy":"post_tag","embeddable":true,"href":"https:\/\/encuentroinformativo.com.mx\/index.php?rest_route=%2Fwp%2Fv2%2Ftags&post=50442"}],"curies":[{"name":"wp","href":"https:\/\/api.w.org\/{rel}","templated":true}]}}