{"id":50445,"date":"2024-02-09T13:47:41","date_gmt":"2024-02-09T19:47:41","guid":{"rendered":"https:\/\/encuentroinformativo.com.mx\/?p=50445"},"modified":"2024-02-09T13:47:46","modified_gmt":"2024-02-09T19:47:46","slug":"proximo-20-de-mayo-concluye-plazo-para-reimpresiones-de-credencial","status":"publish","type":"post","link":"https:\/\/encuentroinformativo.com.mx\/?p=50445","title":{"rendered":"Pr\u00f3ximo 20 de mayo concluye plazo para reimpresiones de credencial"},"content":{"rendered":"\n<p><strong>Dar\u00edo Pale <\/strong><\/p>\n\n\n\n<p>Xalapa, Ver.- Si bien los plazos para la reposici\u00f3n de la credencial de elector ya se cerraron, a\u00fan podr\u00e1n hacerse reimpresiones del documento oficial hasta el 20 de mayo, as\u00ed lo inform\u00f3, Jaime Maldonado, vocal del Registro Federal de Electores, en la 10 Junta Distrital Ejecutiva de Veracruz.<\/p>\n\n\n\n<p>En entrevista se\u00f1al\u00f3 que primero se ampli\u00f3 \u00a0el plazo para hacer tr\u00e1mites de actualizaci\u00f3n del padr\u00f3n electoral ante las oficinas del INE, el pasado 22 de enero, luego, se ampli\u00f3 el plazo para la reposici\u00f3n de credenciales del INE por robo o extrav\u00edo, mismo que concluy\u00f3 este 8 de febrero.<\/p>\n\n\n\n<p>&#8220;Tenemos todav\u00eda un plazo para poder darles su credencial a los ciudadanos a trav\u00e9s de una reimpresi\u00f3n, cu\u00e1l es la \u00fanica reimpresi\u00f3n de la credencial, es que sale exactamente igual que como ten\u00eda su credencial el ciudadano antes de que la haya extraviado o se la hayan robado&#8221;, se\u00f1al\u00f3.<\/p>\n\n\n\n<p>Dicho plazo concluye el d\u00eda 20 de mayo, pero recalc\u00f3 que el plazo para entregar las credenciales que ya fueron tramitados en el m\u00f3dulo, hasta el 14 de marzo, esa es la fecha l\u00edmite.<\/p>\n\n\n\n<p>El funcionario electoral subray\u00f3 que en caso de que los ciudadanos que hicieron su tr\u00e1mite no la recojan el 14 de marzo, el documento quedar\u00e1 a resguardo por disposici\u00f3n de Ley \u00a0y no se haga mal uso de este.<\/p>\n\n\n\n<p>Finalmente se\u00f1al\u00f3 que, &#8220;las ponemos a disposici\u00f3n de la ciudadan\u00eda hasta el d\u00eda 3 de junio, un d\u00eda posterior al d\u00eda de la elecci\u00f3n, tenemos aproximadamente 11 mil credenciales que estar\u00edamos entregando en este periodo, contando las que est\u00e1n por llegar al m\u00f3dulo directamente&#8221;.<\/p>\n","protected":false},"excerpt":{"rendered":"<p>Dar\u00edo Pale Xalapa, Ver.- Si bien los plazos para la reposici\u00f3n de la credencial de elector ya se cerraron, a\u00fan podr\u00e1n hacerse reimpresiones del documento oficial hasta el 20 de mayo, as\u00ed lo inform\u00f3, Jaime Maldonado, vocal del Registro Federal de Electores, en la 10 Junta Distrital Ejecutiva de Veracruz. En entrevista se\u00f1al\u00f3 que primero [&hellip;]<\/p>\n","protected":false},"author":2476,"featured_media":50446,"comment_status":"open","ping_status":"open","sticky":false,"template":"","format":"standard","meta":{"_jetpack_memberships_contains_paid_content":false,"footnotes":""},"categories":[2],"tags":[],"class_list":["post-50445","post","type-post","status-publish","format-standard","has-post-thumbnail","hentry","category-estado"],"jetpack_featured_media_url":"https:\/\/encuentroinformativo.com.mx\/wp-content\/uploads\/2024\/02\/IMG-20240209-WA0023.jpg","jetpack_sharing_enabled":true,"jetpack_likes_enabled":true,"amp_enabled":true,"_links":{"self":[{"href":"https:\/\/encuentroinformativo.com.mx\/index.php?rest_route=\/wp\/v2\/posts\/50445","targetHints":{"allow":["GET"]}}],"collection":[{"href":"https:\/\/encuentroinformativo.com.mx\/index.php?rest_route=\/wp\/v2\/posts"}],"about":[{"href":"https:\/\/encuentroinformativo.com.mx\/index.php?rest_route=\/wp\/v2\/types\/post"}],"author":[{"embeddable":true,"href":"https:\/\/encuentroinformativo.com.mx\/index.php?rest_route=\/wp\/v2\/users\/2476"}],"replies":[{"embeddable":true,"href":"https:\/\/encuentroinformativo.com.mx\/index.php?rest_route=%2Fwp%2Fv2%2Fcomments&post=50445"}],"version-history":[{"count":1,"href":"https:\/\/encuentroinformativo.com.mx\/index.php?rest_route=\/wp\/v2\/posts\/50445\/revisions"}],"predecessor-version":[{"id":50447,"href":"https:\/\/encuentroinformativo.com.mx\/index.php?rest_route=\/wp\/v2\/posts\/50445\/revisions\/50447"}],"wp:featuredmedia":[{"embeddable":true,"href":"https:\/\/encuentroinformativo.com.mx\/index.php?rest_route=\/wp\/v2\/media\/50446"}],"wp:attachment":[{"href":"https:\/\/encuentroinformativo.com.mx\/index.php?rest_route=%2Fwp%2Fv2%2Fmedia&parent=50445"}],"wp:term":[{"taxonomy":"category","embeddable":true,"href":"https:\/\/encuentroinformativo.com.mx\/index.php?rest_route=%2Fwp%2Fv2%2Fcategories&post=50445"},{"taxonomy":"post_tag","embeddable":true,"href":"https:\/\/encuentroinformativo.com.mx\/index.php?rest_route=%2Fwp%2Fv2%2Ftags&post=50445"}],"curies":[{"name":"wp","href":"https:\/\/api.w.org\/{rel}","templated":true}]}}