{"id":50448,"date":"2024-02-09T13:52:12","date_gmt":"2024-02-09T19:52:12","guid":{"rendered":"https:\/\/encuentroinformativo.com.mx\/?p=50448"},"modified":"2024-02-09T13:52:16","modified_gmt":"2024-02-09T19:52:16","slug":"confirma-director-de-uvi-suspension-de-licenciatura-en-agroecologia","status":"publish","type":"post","link":"https:\/\/encuentroinformativo.com.mx\/?p=50448","title":{"rendered":"Confirma director de UVI suspensi\u00f3n de Licenciatura en Agroecolog\u00eda"},"content":{"rendered":"\n<p><strong>Juan Arcos <\/strong><\/p>\n\n\n\n<p>Xalapa, Ver.- La Licenciatura en Agroecolog\u00eda y Soberan\u00eda Alimentaria (LASA) quedar\u00e1 en \u201cpausa\u201d, confirm\u00f3 el director de la Universidad Veracruzana Intercultural (UVI), Daniel Bello L\u00f3pez.<\/p>\n\n\n\n<p>El acad\u00e9mico intent\u00f3 persuadir a los estudiantes que se manifestaban sobre la calle Ignacio Zaragoza, en la zona centro de la ciudad de Xalapa, para que retiraran su plant\u00f3n.<\/p>\n\n\n\n<p>Fue abordado por reporteros y dio a conocer que el programa acad\u00e9mico entrar\u00e1 en una \u201cpausa\u201d; sin embargo, no proporcion\u00f3 m\u00e1s detalles al respecto.<\/p>\n\n\n\n<p>\u201cNo se va a cerrar, es simplemente una pausa. Tengo una reuni\u00f3n y habr\u00e1 un comunicado que se har\u00e1 llegar a trav\u00e9s de Comunicaci\u00f3n Social\u201d, expres\u00f3 sobre la calle Sebasti\u00e1n Camacho donde se localiza la UVI.<\/p>\n\n\n\n<p>Los alumnos le gritaron \u201ctraidor\u201d al Director de la Universidad Veracruzana Intercultural, a quien acusan de avalar la suspensi\u00f3n de la Licenciatura en Agroecolog\u00eda y Soberan\u00eda Alimentaria y por ello piden su destituci\u00f3n.<\/p>\n\n\n\n<p>Las protestas estudiantiles iniciaron la tarde del jueves 8 de febrero en la ciudad de Xalapa, en defensa de la carrera profesional mencionada.<br>Sin embargo, hasta este viernes no ha habido una respuesta positiva por parte del rector de la Universidad Veracruzana (UV), Mart\u00edn Aguilar S\u00e1nchez.<\/p>\n\n\n\n<p>El director Daniel Bello present\u00f3 un oficio a los alumnos en el que les explicaba que Agroecolog\u00eda ya no aparecer\u00e1 en la oferta educativa en la convocatoria que saldr\u00e1 el martes 13 de febrero para el ciclo escolar 2024-2025.<\/p>\n","protected":false},"excerpt":{"rendered":"<p>Juan Arcos Xalapa, Ver.- La Licenciatura en Agroecolog\u00eda y Soberan\u00eda Alimentaria (LASA) quedar\u00e1 en \u201cpausa\u201d, confirm\u00f3 el director de la Universidad Veracruzana Intercultural (UVI), Daniel Bello L\u00f3pez. El acad\u00e9mico intent\u00f3 persuadir a los estudiantes que se manifestaban sobre la calle Ignacio Zaragoza, en la zona centro de la ciudad de Xalapa, para que retiraran su [&hellip;]<\/p>\n","protected":false},"author":2476,"featured_media":50449,"comment_status":"open","ping_status":"open","sticky":false,"template":"","format":"standard","meta":{"_jetpack_memberships_contains_paid_content":false,"footnotes":""},"categories":[3],"tags":[],"class_list":["post-50448","post","type-post","status-publish","format-standard","has-post-thumbnail","hentry","category-xalapa"],"jetpack_featured_media_url":"https:\/\/encuentroinformativo.com.mx\/wp-content\/uploads\/2024\/02\/IMG_8240.jpg","jetpack_sharing_enabled":true,"jetpack_likes_enabled":true,"amp_enabled":true,"_links":{"self":[{"href":"https:\/\/encuentroinformativo.com.mx\/index.php?rest_route=\/wp\/v2\/posts\/50448","targetHints":{"allow":["GET"]}}],"collection":[{"href":"https:\/\/encuentroinformativo.com.mx\/index.php?rest_route=\/wp\/v2\/posts"}],"about":[{"href":"https:\/\/encuentroinformativo.com.mx\/index.php?rest_route=\/wp\/v2\/types\/post"}],"author":[{"embeddable":true,"href":"https:\/\/encuentroinformativo.com.mx\/index.php?rest_route=\/wp\/v2\/users\/2476"}],"replies":[{"embeddable":true,"href":"https:\/\/encuentroinformativo.com.mx\/index.php?rest_route=%2Fwp%2Fv2%2Fcomments&post=50448"}],"version-history":[{"count":1,"href":"https:\/\/encuentroinformativo.com.mx\/index.php?rest_route=\/wp\/v2\/posts\/50448\/revisions"}],"predecessor-version":[{"id":50450,"href":"https:\/\/encuentroinformativo.com.mx\/index.php?rest_route=\/wp\/v2\/posts\/50448\/revisions\/50450"}],"wp:featuredmedia":[{"embeddable":true,"href":"https:\/\/encuentroinformativo.com.mx\/index.php?rest_route=\/wp\/v2\/media\/50449"}],"wp:attachment":[{"href":"https:\/\/encuentroinformativo.com.mx\/index.php?rest_route=%2Fwp%2Fv2%2Fmedia&parent=50448"}],"wp:term":[{"taxonomy":"category","embeddable":true,"href":"https:\/\/encuentroinformativo.com.mx\/index.php?rest_route=%2Fwp%2Fv2%2Fcategories&post=50448"},{"taxonomy":"post_tag","embeddable":true,"href":"https:\/\/encuentroinformativo.com.mx\/index.php?rest_route=%2Fwp%2Fv2%2Ftags&post=50448"}],"curies":[{"name":"wp","href":"https:\/\/api.w.org\/{rel}","templated":true}]}}