{"id":50457,"date":"2024-02-09T16:06:08","date_gmt":"2024-02-09T22:06:08","guid":{"rendered":"https:\/\/encuentroinformativo.com.mx\/?p=50457"},"modified":"2024-02-09T16:06:13","modified_gmt":"2024-02-09T22:06:13","slug":"anuncian-inauguracion-de-instalaciones-de-lobos-marinos-en-el-aquarium","status":"publish","type":"post","link":"https:\/\/encuentroinformativo.com.mx\/?p=50457","title":{"rendered":"Anuncian inauguraci\u00f3n de instalaciones de Lobos Marinos en el Aquarium"},"content":{"rendered":"\n<p><strong>Alejandro \u00c1vila<\/strong><\/p>\n\n\n\n<p>Veracruz, Ver.- La sexta edici\u00f3n del Festival Ecol\u00f3gico &#8220;Ambient\u00f3n&#8221; que se desarrollar\u00e1 en la zona conurbada Veracruz Boca del R\u00edo tendr\u00e1 como cierre el concierto del grupo de salsa Chiquito Team Band, y de &#8220;La Maravilla Musical de M\u00e9xico&#8221;, Junior Klan.<\/p>\n\n\n\n<p>Durante 10 d\u00edas, es decir, del 19 al 29 de febrero se realizar\u00e1n diversas actividades en colonias de los municipios de Veracruz y Boca del R\u00edo; los ciudadanos participantes podr\u00e1n obtener boletos gratuitos para el concierto de las agrupaciones antes mencionadas.<\/p>\n\n\n\n<p>El d\u00eda 29 de febrero previo a la realizaci\u00f3n del concierto masivo, se inaugurar\u00e1n las nuevas instalaciones de exhibici\u00f3n de Lobos Marinos  dentro del Aquarium del Puerto de Veracruz.<\/p>\n\n\n\n<p>\u201cSer\u00e1 un ambient\u00f3n ad hoc porque estar\u00e1 lleno de la tradici\u00f3n y el folclor jarocho, a va a ser un aut\u00e9ntico carnaval ecol\u00f3gico\u201d.<\/p>\n\n\n\n<p>\u201cSe va a dise\u00f1ar un esquema donde se van a capacitar en este marco de las diferentes exposiciones, proyectos y programas que trae la Procuradur\u00eda, como es el Plan de Gesti\u00f3n, como es la Certificaci\u00f3n Verde, como son la Agenda 2030 y todo lo que respecta al programa de saneamiento de aguas, incluyendo a los humedales y la importancia que tiene en la preservaci\u00f3n de las especies el Aquarium del Puerto de Veracruz, a todas aquellas autoridades ambientales municipales que deseen anotarse\u201d.<\/p>\n\n\n\n<p>La capacitaci\u00f3n se llevar\u00e1 a cabo en el Hotel Fiesta Americana y va orientada a autoridades ambientales municipales, a empresas afines con el trabajo de medio ambiente o que tienen que ver con el medio ambiente, como son empresas recicladoras, que se dediquen a administrar rellenos sanitarios y tambi\u00e9n a todas aquellas asociaciones u organizaciones que trabajen en Pro del medio ambiente.<\/p>\n\n\n\n<p>\u201cVa a ser una capacitaci\u00f3n de tres d\u00edas y en ese marco tambi\u00e9n se va a reconocer a todas aquellas autoridades ambientales municipales que cumplan con los est\u00e1ndares de disposici\u00f3n final de sus residuos en lugares autorizados por el estado de Veracruz\u201d.<\/p>\n\n\n\n<p>\u201cTodo esto para crear conciencia ecol\u00f3gica, vamos a estar cambiando pl\u00e1sticos por bolsas ecol\u00f3gicas y regalando \u00e1rboles para promover la reforestaci\u00f3n. Tambi\u00e9n vamos a hacer actividades para limpiar Veracruz de desechos como llantas, aceites, chatarra, pilas. Todos los veracruzanos que participen podr\u00e1n obtener un boleto para disfrutar del concierto de Chiquito Team Band en el auditorio Benito Ju\u00e1rez\u201d.<\/p>\n","protected":false},"excerpt":{"rendered":"<p>Alejandro \u00c1vila Veracruz, Ver.- La sexta edici\u00f3n del Festival Ecol\u00f3gico &#8220;Ambient\u00f3n&#8221; que se desarrollar\u00e1 en la zona conurbada Veracruz Boca del R\u00edo tendr\u00e1 como cierre el concierto del grupo de salsa Chiquito Team Band, y de &#8220;La Maravilla Musical de M\u00e9xico&#8221;, Junior Klan. Durante 10 d\u00edas, es decir, del 19 al 29 de febrero se [&hellip;]<\/p>\n","protected":false},"author":2476,"featured_media":50458,"comment_status":"open","ping_status":"open","sticky":false,"template":"","format":"standard","meta":{"_jetpack_memberships_contains_paid_content":false,"footnotes":""},"categories":[2],"tags":[],"class_list":["post-50457","post","type-post","status-publish","format-standard","has-post-thumbnail","hentry","category-estado"],"jetpack_featured_media_url":"https:\/\/encuentroinformativo.com.mx\/wp-content\/uploads\/2024\/02\/IMG-20240209-WA0060.jpg","jetpack_sharing_enabled":true,"jetpack_likes_enabled":true,"amp_enabled":true,"_links":{"self":[{"href":"https:\/\/encuentroinformativo.com.mx\/index.php?rest_route=\/wp\/v2\/posts\/50457","targetHints":{"allow":["GET"]}}],"collection":[{"href":"https:\/\/encuentroinformativo.com.mx\/index.php?rest_route=\/wp\/v2\/posts"}],"about":[{"href":"https:\/\/encuentroinformativo.com.mx\/index.php?rest_route=\/wp\/v2\/types\/post"}],"author":[{"embeddable":true,"href":"https:\/\/encuentroinformativo.com.mx\/index.php?rest_route=\/wp\/v2\/users\/2476"}],"replies":[{"embeddable":true,"href":"https:\/\/encuentroinformativo.com.mx\/index.php?rest_route=%2Fwp%2Fv2%2Fcomments&post=50457"}],"version-history":[{"count":1,"href":"https:\/\/encuentroinformativo.com.mx\/index.php?rest_route=\/wp\/v2\/posts\/50457\/revisions"}],"predecessor-version":[{"id":50459,"href":"https:\/\/encuentroinformativo.com.mx\/index.php?rest_route=\/wp\/v2\/posts\/50457\/revisions\/50459"}],"wp:featuredmedia":[{"embeddable":true,"href":"https:\/\/encuentroinformativo.com.mx\/index.php?rest_route=\/wp\/v2\/media\/50458"}],"wp:attachment":[{"href":"https:\/\/encuentroinformativo.com.mx\/index.php?rest_route=%2Fwp%2Fv2%2Fmedia&parent=50457"}],"wp:term":[{"taxonomy":"category","embeddable":true,"href":"https:\/\/encuentroinformativo.com.mx\/index.php?rest_route=%2Fwp%2Fv2%2Fcategories&post=50457"},{"taxonomy":"post_tag","embeddable":true,"href":"https:\/\/encuentroinformativo.com.mx\/index.php?rest_route=%2Fwp%2Fv2%2Ftags&post=50457"}],"curies":[{"name":"wp","href":"https:\/\/api.w.org\/{rel}","templated":true}]}}