{"id":50461,"date":"2024-02-09T16:09:26","date_gmt":"2024-02-09T22:09:26","guid":{"rendered":"https:\/\/encuentroinformativo.com.mx\/?p=50461"},"modified":"2024-02-09T16:09:32","modified_gmt":"2024-02-09T22:09:32","slug":"escuchar-y-apoyar-a-la-gente-es-la-nueva-politica-en-veracruz-polo-deschamps","status":"publish","type":"post","link":"https:\/\/encuentroinformativo.com.mx\/?p=50461","title":{"rendered":"Escuchar y apoyar a la gente, es la nueva pol\u00edtica en Veracruz: Polo Deschamps"},"content":{"rendered":"\n<p><strong>Alejandro \u00c1vila<\/strong><\/p>\n\n\n\n<p>Veracruz, Ver.- El reci\u00e9n ungido como candidato \u00fanico a la gubernatura de Veracruz por Movimiento Ciudadano, Hip\u00f3lito Deschamps Espino Barros, asegur\u00f3 que en Veracruz se maneja una nueva pol\u00edtica, la cual es acompa\u00f1ar, escuchar y ayudar a la gente.<\/p>\n\n\n\n<p>\u201cHay que acercarnos a la gente. Hay que hacer una pol\u00edtica diferente, hay que acompa\u00f1ar a las personas y escucharlas\u201d afirm\u00f3 Polo Deschamps, quien tambi\u00e9n consider\u00f3 que seguramente esto fue lo que llev\u00f3 al partido Movimiento Ciudadano a apostar por \u00e9l e invitarlo q ser su precandidato.&nbsp;<\/p>\n\n\n\n<p>\u201cEl senador Dante se acerc\u00f3 a m\u00ed al ver mi caminar, vio las encuestas y tambi\u00e9n se dio cuenta de que yo era el mayor posicionado en el estado en ese sentido\u201d, dijo.&nbsp;<\/p>\n\n\n\n<p>Polo Deschamps explic\u00f3 que su apuesta y la de Movimiento Ciudadano es apostar por una nueva pol\u00edtica y \u201csacar a la vieja pol\u00edtica de Veracruz\u201d.&nbsp;<\/p>\n\n\n\n<p>El precandidato \u00fanico a la gubernatura anticip\u00f3 que estos d\u00edas finales de precampa\u00f1a har\u00e1 lo que ha hecho desde hace varios a\u00f1os: visitar y estar con los veracruzanos en sus casas, \u201cacompa\u00f1arlos y decirles que cuentan con su ayuda y respaldo como hasta ahora lo ha venido haciendo\u201d, concluy\u00f3.<\/p>\n","protected":false},"excerpt":{"rendered":"<p>Alejandro \u00c1vila Veracruz, Ver.- El reci\u00e9n ungido como candidato \u00fanico a la gubernatura de Veracruz por Movimiento Ciudadano, Hip\u00f3lito Deschamps Espino Barros, asegur\u00f3 que en Veracruz se maneja una nueva pol\u00edtica, la cual es acompa\u00f1ar, escuchar y ayudar a la gente. \u201cHay que acercarnos a la gente. Hay que hacer una pol\u00edtica diferente, hay que [&hellip;]<\/p>\n","protected":false},"author":2476,"featured_media":50462,"comment_status":"open","ping_status":"open","sticky":false,"template":"","format":"standard","meta":{"_jetpack_memberships_contains_paid_content":false,"footnotes":""},"categories":[2],"tags":[],"class_list":["post-50461","post","type-post","status-publish","format-standard","has-post-thumbnail","hentry","category-estado"],"jetpack_featured_media_url":"https:\/\/encuentroinformativo.com.mx\/wp-content\/uploads\/2024\/02\/IMG-20240209-WA00622.jpg","jetpack_sharing_enabled":true,"jetpack_likes_enabled":true,"amp_enabled":true,"_links":{"self":[{"href":"https:\/\/encuentroinformativo.com.mx\/index.php?rest_route=\/wp\/v2\/posts\/50461","targetHints":{"allow":["GET"]}}],"collection":[{"href":"https:\/\/encuentroinformativo.com.mx\/index.php?rest_route=\/wp\/v2\/posts"}],"about":[{"href":"https:\/\/encuentroinformativo.com.mx\/index.php?rest_route=\/wp\/v2\/types\/post"}],"author":[{"embeddable":true,"href":"https:\/\/encuentroinformativo.com.mx\/index.php?rest_route=\/wp\/v2\/users\/2476"}],"replies":[{"embeddable":true,"href":"https:\/\/encuentroinformativo.com.mx\/index.php?rest_route=%2Fwp%2Fv2%2Fcomments&post=50461"}],"version-history":[{"count":1,"href":"https:\/\/encuentroinformativo.com.mx\/index.php?rest_route=\/wp\/v2\/posts\/50461\/revisions"}],"predecessor-version":[{"id":50463,"href":"https:\/\/encuentroinformativo.com.mx\/index.php?rest_route=\/wp\/v2\/posts\/50461\/revisions\/50463"}],"wp:featuredmedia":[{"embeddable":true,"href":"https:\/\/encuentroinformativo.com.mx\/index.php?rest_route=\/wp\/v2\/media\/50462"}],"wp:attachment":[{"href":"https:\/\/encuentroinformativo.com.mx\/index.php?rest_route=%2Fwp%2Fv2%2Fmedia&parent=50461"}],"wp:term":[{"taxonomy":"category","embeddable":true,"href":"https:\/\/encuentroinformativo.com.mx\/index.php?rest_route=%2Fwp%2Fv2%2Fcategories&post=50461"},{"taxonomy":"post_tag","embeddable":true,"href":"https:\/\/encuentroinformativo.com.mx\/index.php?rest_route=%2Fwp%2Fv2%2Ftags&post=50461"}],"curies":[{"name":"wp","href":"https:\/\/api.w.org\/{rel}","templated":true}]}}