{"id":5047,"date":"2020-08-19T08:26:11","date_gmt":"2020-08-19T13:26:11","guid":{"rendered":"https:\/\/encuentroinformativo.com\/?p=5047"},"modified":"2020-08-19T08:26:14","modified_gmt":"2020-08-19T13:26:14","slug":"yu-ju-pleitos-de-familias","status":"publish","type":"post","link":"https:\/\/encuentroinformativo.com.mx\/?p=5047","title":{"rendered":"Yu-Ju, pleitos de familias"},"content":{"rendered":"\n<p><strong>Los Pol\u00edticos<\/strong><\/p>\n\n\n\n<p><strong>Salvador Mu\u00f1oz<\/strong><\/p>\n\n\n\n<p>El conflicto que se vive en el puerto jarocho que en primera instancia parece una pugna intestinal partidista a la que no se le ve fin y mucho menos una soluci\u00f3n \u00a1ya alcanz\u00f3 a Boca del R\u00edo! a tal grado que las causas de esta pugna por la candidatura en pos de la presidencia municipal del Puerto, para muchos, pueden parecer las calenturas naturales de cualquier ciudadano y tambi\u00e9n de cualquier militante de partido que sue\u00f1a con gobernar su municipio, su ciudad\u2026 el asunto es cuando la confrontaci\u00f3n por ser el ungido confronta a dos familias en donde ninguna de las dos pretende ceder ni un cent\u00edmetro y no es para menos: por m\u00e1s de dos mil millones de presupuesto anual para llevar el beneficio, prosperidad, desarrollo a los veracruzanos, bien vale la pena la lucha.<\/p>\n\n\n\n<p>Dec\u00edamos que esta pugna Yu-Ju (Yunes-Julen) ya se desbord\u00f3 hasta alcanzar Boca del R\u00edo, donde el alcalde Humberto Alonso Morelli busca apuntalar a su gallo, el director de Desarrollo Social municipal, Jaime Enrique de la Garza Mart\u00ednez, aunque por el otro lado, quien viene trabajando la plaza desde hace ya rato, es Juan Manuel de Unanue, quien adem\u00e1s de ser visto como el candidato natural por el panismo local y estatal, entre los militantes de otros partidos, saben que es el rival a vencer\u2026<\/p>\n\n\n\n<p>El asunto es que mientras en el Puerto jarocho, la candidatura aparentemente no est\u00e1 segura para nadie, es decir, Bingen, Dunyaska, Marijos\u00e9 o Indira, en Boca del R\u00edo, donde supuestamente est\u00e1 dada, ahora se corre el riesgo de caerse precisamente por la disputa Yu-Ju. \u00bfPor qu\u00e9? Hay quienes consideran que el conflicto entre familias se puede resolver pidiendo mano la familia Yunes sobre el Puerto y cediendo que elijan el candidato por Boca del R\u00edo\u2026 sacrificando a Unanue, quien tendr\u00eda que enfilar sus bater\u00edas hacia la curul federal.<\/p>\n\n\n\n<p>Agregue la reciente re-aparici\u00f3n de Miguel \u00c1ngel Yunes M\u00e1rquez por esos lares porte\u00f1os y de inmediato hubo quienes abrieron de nuevo la posibilidad de que Chiquiyunes pudiera competir por la alcald\u00eda, no la de Boca, sino la del Puerto\u2026 la conurbanidad se lo permite\u2026 la idea no es mala\u2026 tiene un apellido de \u201cmarca registrada\u201d, es conocido, sabe el teje y maneje de la administraci\u00f3n y presume su trabajo municipal cuando fue alcalde de Boca; aunque hay quienes entonces llevar\u00edan el reciente pasado electoral que vivi\u00f3\u2026 \u00a1no tanto su derrota, no! Que dicho sea de paso, en cualquier otra circunstancia, sus votos fueron muy-muy buenos\u2026 referimos a lo que al inicio de estas l\u00edneas se ha comentado: el conflicto que hay en el Puerto por la candidatura a la alcald\u00eda es entre familias, y entonces, en el 2018, el Gobernador \u201cpuso\u201d a su hijo como candidato a sucederlo; y en el 2021, el hermano \u201cpondr\u00eda\u201d a su carnal como candidato a sucederlo\u2026 mal fario.<\/p>\n\n\n\n<p>Por supuesto, tirando esa propuesta, nos llevar\u00eda a que los Yunes colocar\u00edan en la candidatura del Puerto a un af\u00edn a ellos que est\u00e1 entre Marijos\u00e9 Gamboa e Indira Rosales mientras Julen pugnar\u00eda porque fuera su hijo Bingen, y si el PAN buscara un equilibrio, por qu\u00e9 no pensar en Mariana Dunyaska\u2026 insisto: en una de \u00e9sas, Chiquiyunes \u201camarre\u201d la pluri 1 \u00f3 2, seg\u00fan se d\u00e9, para Diputado local, mientras Nando, igual, pero en la federal\u2026 pero no creo que eso deje contentos a los Rementer\u00eda\u2026<\/p>\n\n\n\n<p>\u00bfVerdad que no se le ve fin ni soluci\u00f3n a este problema pol\u00edtico entre los Yu-Ju?<\/p>\n\n\n\n<p>Pues mientras son peras o perones, en Morena se tiene casi cantado a los candidatos por el Puerto y Boca, en los nombres de Rosa Mar\u00eda Hern\u00e1ndez Espejo y Ram\u00f3n \u00c1lvarez, respectivamente. Una, reconocida periodista que podr\u00eda junto con Anil\u00fa Ingram y Marijos\u00e9 Gamboa, generar la contienda electoral del gremio period\u00edstico\u2026 pero falta lo que siga Indira y Dunyaska; el otro, empresario gasolinero cuyas bombas estuvieron durante bastante rato en el pa\u00eds punteando con las gasolinas m\u00e1s baratas\u2026 algo queda claro al menos en el Puerto con Morena: a diferencia del PAN, la unidad en torno a sus precandidatos ya es un hecho y en este momento, eso es ventaja. Aqu\u00ed, ni se comen entre ellos, ni hay pleitos de familias por un cargo\u2026 o presupuesto.<br><\/p>\n\n\n\n<p><a href=\"mailto:smcainito@gmail.com\" target=\"_blank\" rel=\"noreferrer noopener\">smcainito@gmail.com<\/a><\/p>\n","protected":false},"excerpt":{"rendered":"<p>Los Pol\u00edticos Salvador Mu\u00f1oz El conflicto que se vive en el puerto jarocho que en primera instancia parece una pugna intestinal partidista a la que no se le ve fin y mucho menos una soluci\u00f3n \u00a1ya alcanz\u00f3 a Boca del R\u00edo! a tal grado que las causas de esta pugna por la candidatura en pos [&hellip;]<\/p>\n","protected":false},"author":1,"featured_media":387,"comment_status":"open","ping_status":"open","sticky":false,"template":"","format":"standard","meta":{"_jetpack_memberships_contains_paid_content":false,"footnotes":""},"categories":[11],"tags":[],"class_list":["post-5047","post","type-post","status-publish","format-standard","has-post-thumbnail","hentry","category-opinion"],"jetpack_featured_media_url":"https:\/\/encuentroinformativo.com.mx\/wp-content\/uploads\/2020\/03\/7CF8A22B-2764-47BE-8F7F-38FE9E5D6A2F.jpeg","jetpack_sharing_enabled":true,"jetpack_likes_enabled":true,"amp_enabled":true,"_links":{"self":[{"href":"https:\/\/encuentroinformativo.com.mx\/index.php?rest_route=\/wp\/v2\/posts\/5047","targetHints":{"allow":["GET"]}}],"collection":[{"href":"https:\/\/encuentroinformativo.com.mx\/index.php?rest_route=\/wp\/v2\/posts"}],"about":[{"href":"https:\/\/encuentroinformativo.com.mx\/index.php?rest_route=\/wp\/v2\/types\/post"}],"author":[{"embeddable":true,"href":"https:\/\/encuentroinformativo.com.mx\/index.php?rest_route=\/wp\/v2\/users\/1"}],"replies":[{"embeddable":true,"href":"https:\/\/encuentroinformativo.com.mx\/index.php?rest_route=%2Fwp%2Fv2%2Fcomments&post=5047"}],"version-history":[{"count":1,"href":"https:\/\/encuentroinformativo.com.mx\/index.php?rest_route=\/wp\/v2\/posts\/5047\/revisions"}],"predecessor-version":[{"id":5048,"href":"https:\/\/encuentroinformativo.com.mx\/index.php?rest_route=\/wp\/v2\/posts\/5047\/revisions\/5048"}],"wp:featuredmedia":[{"embeddable":true,"href":"https:\/\/encuentroinformativo.com.mx\/index.php?rest_route=\/wp\/v2\/media\/387"}],"wp:attachment":[{"href":"https:\/\/encuentroinformativo.com.mx\/index.php?rest_route=%2Fwp%2Fv2%2Fmedia&parent=5047"}],"wp:term":[{"taxonomy":"category","embeddable":true,"href":"https:\/\/encuentroinformativo.com.mx\/index.php?rest_route=%2Fwp%2Fv2%2Fcategories&post=5047"},{"taxonomy":"post_tag","embeddable":true,"href":"https:\/\/encuentroinformativo.com.mx\/index.php?rest_route=%2Fwp%2Fv2%2Ftags&post=5047"}],"curies":[{"name":"wp","href":"https:\/\/api.w.org\/{rel}","templated":true}]}}