{"id":50476,"date":"2024-02-10T10:07:54","date_gmt":"2024-02-10T16:07:54","guid":{"rendered":"https:\/\/encuentroinformativo.com.mx\/?p=50476"},"modified":"2024-02-10T10:07:58","modified_gmt":"2024-02-10T16:07:58","slug":"prd-denuncia-a-alcaldesa-de-alvarado-ante-el-ople","status":"publish","type":"post","link":"https:\/\/encuentroinformativo.com.mx\/?p=50476","title":{"rendered":"PRD denuncia a alcaldesa de Alvarado ante el OPLE"},"content":{"rendered":"\n<p><strong>Alejandro \u00c1vila<\/strong><\/p>\n\n\n\n<p>Veracruz, Ver.- Por el uso de empleados municipales y mobiliario del Ayuntamiento para colocar propaganda de la aspirante a la gubernatura de Veracruz, Roc\u00edo Nahle Garc\u00eda, fue denunciada la alcaldesa de Alvarado, Lizette \u00c1lvarez Vera.<\/p>\n\n\n\n<p>Es de recordar que este s\u00e1bado 10 de febrero, la Coordinadora de la Defensa de la Cuarta Transformaci\u00f3n en Veracruz, Roc\u00edo Nahle tendr\u00e1 su cierre de precampa\u00f1a en la cabecera municipal del municipio Alvarado.<\/p>\n\n\n\n<p>En ese sentido, el Partido de la Revoluci\u00f3n Democr\u00e1tica (PRD) denunci\u00f3 ante el Organismo P\u00fablico Local Electoral (OPLE) los actos ilegales ejecutados por los empleados municipales, presentando fotograf\u00edas y videos como prueba y donde se evidencia al trabajador colocando publicidad del Partido Verde (PVEM) en el bulevar &#8220;Gabriel Carballo&#8221;.<\/p>\n\n\n\n<p>El PRD acus\u00f3 a la alcaldesa de violaci\u00f3n a lo dispuesto en el art\u00edculo 134 constitucional. Uso de recursos p\u00fablicos; falta el deber de cuidado al ordenar a trabajadores del Ayuntamiento de la colocaci\u00f3n de propaganda pol\u00edtica electoral, en espacios de equipamiento urbano.<\/p>\n\n\n\n<p>Para ello presentaron documentaci\u00f3n, fotograf\u00edas y constancias donde se prueba este acto, por lo que pidieron sanciones correspondientes.<\/p>\n\n\n\n<p>Cabe mencionar que en diversas ocasiones el \u00e1rbitro electoral ha pedido a los alcaldes y dem\u00e1s autoridades no intervenir en el proceso electoral.<\/p>\n\n\n\n<p>El art\u00edculo 54 de la Ley General de Responsabilidades Administrativas define al desv\u00edo de recursos p\u00fablicos como la asignaci\u00f3n o desv\u00edo de recursos p\u00fablicos, ya sean materiales, humanos o financieros, sin fundamento jur\u00eddico o en contraposici\u00f3n a las normas aplicables.<\/p>\n\n\n\n<p>El desv\u00edo de recursos p\u00fablicos para fondear campa\u00f1as tiene varias formas de materializarse, una de ellas es usar equipo y personal con cargo al Ayuntamiento para actividades pol\u00edticas.<\/p>\n\n\n\n<p>Algunas de las sanciones posibles son: Suspensi\u00f3n del empleo, cargo o comisi\u00f3n: Esta sanci\u00f3n implica la suspensi\u00f3n temporal de las funciones del servidor p\u00fablico por un per\u00edodo de treinta a noventa d\u00edas naturales.<\/p>\n\n\n\n<p>Es importante tener en cuenta que, en este caso, tambi\u00e9n se configura un delito electoral por lo que el funcionario podr\u00eda incluso ser denunciado por la v\u00eda penal.<\/p>\n\n\n\n<p>Cabe precisar que fue MORENA quien modific\u00f3 la Constituci\u00f3n y aquellas personas que cometan un delito electoral se les castigan con c\u00e1rcel de manera preventiva oficiosa, en tanto, se resuelve su situaci\u00f3n jur\u00eddica.<\/p>\n\n\n\n<figure class=\"wp-block-image size-large\"><img loading=\"lazy\" decoding=\"async\" width=\"641\" height=\"1024\" src=\"https:\/\/encuentroinformativo.com.mx\/wp-content\/uploads\/2024\/02\/IMG-20240210-WA0003-641x1024.jpg\" alt=\"\" class=\"wp-image-50477\" srcset=\"https:\/\/encuentroinformativo.com.mx\/wp-content\/uploads\/2024\/02\/IMG-20240210-WA0003-641x1024.jpg 641w, https:\/\/encuentroinformativo.com.mx\/wp-content\/uploads\/2024\/02\/IMG-20240210-WA0003-188x300.jpg 188w, https:\/\/encuentroinformativo.com.mx\/wp-content\/uploads\/2024\/02\/IMG-20240210-WA0003-768x1226.jpg 768w, https:\/\/encuentroinformativo.com.mx\/wp-content\/uploads\/2024\/02\/IMG-20240210-WA0003-962x1536.jpg 962w, https:\/\/encuentroinformativo.com.mx\/wp-content\/uploads\/2024\/02\/IMG-20240210-WA0003.jpg 1002w\" sizes=\"auto, (max-width: 641px) 100vw, 641px\" \/><\/figure>\n","protected":false},"excerpt":{"rendered":"<p>Alejandro \u00c1vila Veracruz, Ver.- Por el uso de empleados municipales y mobiliario del Ayuntamiento para colocar propaganda de la aspirante a la gubernatura de Veracruz, Roc\u00edo Nahle Garc\u00eda, fue denunciada la alcaldesa de Alvarado, Lizette \u00c1lvarez Vera. Es de recordar que este s\u00e1bado 10 de febrero, la Coordinadora de la Defensa de la Cuarta Transformaci\u00f3n [&hellip;]<\/p>\n","protected":false},"author":2476,"featured_media":50477,"comment_status":"open","ping_status":"open","sticky":false,"template":"","format":"standard","meta":{"_jetpack_memberships_contains_paid_content":false,"footnotes":""},"categories":[2],"tags":[],"class_list":["post-50476","post","type-post","status-publish","format-standard","has-post-thumbnail","hentry","category-estado"],"jetpack_featured_media_url":"https:\/\/encuentroinformativo.com.mx\/wp-content\/uploads\/2024\/02\/IMG-20240210-WA0003.jpg","jetpack_sharing_enabled":true,"jetpack_likes_enabled":true,"amp_enabled":true,"_links":{"self":[{"href":"https:\/\/encuentroinformativo.com.mx\/index.php?rest_route=\/wp\/v2\/posts\/50476","targetHints":{"allow":["GET"]}}],"collection":[{"href":"https:\/\/encuentroinformativo.com.mx\/index.php?rest_route=\/wp\/v2\/posts"}],"about":[{"href":"https:\/\/encuentroinformativo.com.mx\/index.php?rest_route=\/wp\/v2\/types\/post"}],"author":[{"embeddable":true,"href":"https:\/\/encuentroinformativo.com.mx\/index.php?rest_route=\/wp\/v2\/users\/2476"}],"replies":[{"embeddable":true,"href":"https:\/\/encuentroinformativo.com.mx\/index.php?rest_route=%2Fwp%2Fv2%2Fcomments&post=50476"}],"version-history":[{"count":1,"href":"https:\/\/encuentroinformativo.com.mx\/index.php?rest_route=\/wp\/v2\/posts\/50476\/revisions"}],"predecessor-version":[{"id":50478,"href":"https:\/\/encuentroinformativo.com.mx\/index.php?rest_route=\/wp\/v2\/posts\/50476\/revisions\/50478"}],"wp:featuredmedia":[{"embeddable":true,"href":"https:\/\/encuentroinformativo.com.mx\/index.php?rest_route=\/wp\/v2\/media\/50477"}],"wp:attachment":[{"href":"https:\/\/encuentroinformativo.com.mx\/index.php?rest_route=%2Fwp%2Fv2%2Fmedia&parent=50476"}],"wp:term":[{"taxonomy":"category","embeddable":true,"href":"https:\/\/encuentroinformativo.com.mx\/index.php?rest_route=%2Fwp%2Fv2%2Fcategories&post=50476"},{"taxonomy":"post_tag","embeddable":true,"href":"https:\/\/encuentroinformativo.com.mx\/index.php?rest_route=%2Fwp%2Fv2%2Ftags&post=50476"}],"curies":[{"name":"wp","href":"https:\/\/api.w.org\/{rel}","templated":true}]}}