{"id":50486,"date":"2024-02-10T15:23:09","date_gmt":"2024-02-10T21:23:09","guid":{"rendered":"https:\/\/encuentroinformativo.com.mx\/?p=50486"},"modified":"2024-02-10T15:23:15","modified_gmt":"2024-02-10T21:23:15","slug":"en-riesgo-pt-de-quedarse-sin-candidatura-de-diputacion-federal","status":"publish","type":"post","link":"https:\/\/encuentroinformativo.com.mx\/?p=50486","title":{"rendered":"En riesgo PT de quedarse sin candidatura de diputaci\u00f3n federal"},"content":{"rendered":"\n<p><strong>Alejandro \u00c1vila<\/strong><\/p>\n\n\n\n<p>Veracruz, Ver.- A partir del 15 de febrero iniciar\u00e1n los registros de aspirantes a las diputaciones federales, sin embargo, a\u00fan no se ha definido por completo cuantos espacios le dar\u00e1n al Partido Verde Ecologista (PVEM) y el Partido del Trabajo (PT), asegur\u00f3 el dirigente estatal de Morena, Esteban Ram\u00edrez Zepeta.<\/p>\n\n\n\n<p>El dirigente mencion\u00f3 que los resultados de las encuestas se dar\u00e1n a conocer a la brevedad, pues se expuso que a partir del pr\u00f3ximo viernes ser\u00e1 cuando los representante del Morena ante el INE registren a sus candidatos.&nbsp;<\/p>\n\n\n\n<p>En ese sentido sostuvo que, \u201cen las diputaciones federales vamos en alianza en los 19 distritos electorales, con el PT y el Verde; por lo que 15 candidaturas ser\u00e1n para Morena, 4 para el Verde y ten\u00edamos contemplado hablar con el PT para dejarles un distrito, pero apenas estamos en pl\u00e1ticas\u201d.&nbsp;<\/p>\n\n\n\n<p>La campa\u00f1a a las diputaciones federales iniciar\u00e1 el 1 de marzo, pero a\u00fan no llegan a un acuerdo con el Partido del Trabajo (PT).<\/p>\n\n\n\n<p>Cabe destacar que el PT es el menos beneficiado con la repartici\u00f3n de candidaturas de la alianza &#8220;Sigamos Haciendo Historia en Veracruz&#8221; en lo que respecta a las diputaciones locales, pues&nbsp; logr\u00f3 encabezar cuatro candidaturas: Misantla, Coatepec, Veracruz II y Zongolica.<\/p>\n\n\n\n<p>Ahora que Morena dio a conocer la f\u00f3rmula para el Senado; el PT debe valorar el perfil de las mujeres que participaron por su partido en dicha encuesta para encabezar la candidatura y su representaci\u00f3n en el Estado.<\/p>\n\n\n\n<p>Tal es el caso de la ex diputada federal y ex presidenta municipal por Xalapa, El\u00edzabeth Morales Garc\u00eda, quien es una de las cartas fuertes del Partido del Trabajo (PT) por su trabajo pol\u00edtico.<\/p>\n\n\n\n<p>Morales Garc\u00eda, fue diputada federal en el periodo 2006 al 2009, con una votaci\u00f3n de m\u00e1s de 66 mil sufragios; en la elecci\u00f3n del 2011, rompi\u00f3 r\u00e9cord, con una votaci\u00f3n de 96 mil votos, representando el 56 por ciento del total de los votantes en la Capital del Estado.<\/p>\n","protected":false},"excerpt":{"rendered":"<p>Alejandro \u00c1vila Veracruz, Ver.- A partir del 15 de febrero iniciar\u00e1n los registros de aspirantes a las diputaciones federales, sin embargo, a\u00fan no se ha definido por completo cuantos espacios le dar\u00e1n al Partido Verde Ecologista (PVEM) y el Partido del Trabajo (PT), asegur\u00f3 el dirigente estatal de Morena, Esteban Ram\u00edrez Zepeta. El dirigente mencion\u00f3 [&hellip;]<\/p>\n","protected":false},"author":2476,"featured_media":50487,"comment_status":"open","ping_status":"open","sticky":false,"template":"","format":"standard","meta":{"_jetpack_memberships_contains_paid_content":false,"footnotes":""},"categories":[2],"tags":[],"class_list":["post-50486","post","type-post","status-publish","format-standard","has-post-thumbnail","hentry","category-estado"],"jetpack_featured_media_url":"https:\/\/encuentroinformativo.com.mx\/wp-content\/uploads\/2024\/02\/IMG-20240210-WA00302.jpg","jetpack_sharing_enabled":true,"jetpack_likes_enabled":true,"amp_enabled":true,"_links":{"self":[{"href":"https:\/\/encuentroinformativo.com.mx\/index.php?rest_route=\/wp\/v2\/posts\/50486","targetHints":{"allow":["GET"]}}],"collection":[{"href":"https:\/\/encuentroinformativo.com.mx\/index.php?rest_route=\/wp\/v2\/posts"}],"about":[{"href":"https:\/\/encuentroinformativo.com.mx\/index.php?rest_route=\/wp\/v2\/types\/post"}],"author":[{"embeddable":true,"href":"https:\/\/encuentroinformativo.com.mx\/index.php?rest_route=\/wp\/v2\/users\/2476"}],"replies":[{"embeddable":true,"href":"https:\/\/encuentroinformativo.com.mx\/index.php?rest_route=%2Fwp%2Fv2%2Fcomments&post=50486"}],"version-history":[{"count":1,"href":"https:\/\/encuentroinformativo.com.mx\/index.php?rest_route=\/wp\/v2\/posts\/50486\/revisions"}],"predecessor-version":[{"id":50488,"href":"https:\/\/encuentroinformativo.com.mx\/index.php?rest_route=\/wp\/v2\/posts\/50486\/revisions\/50488"}],"wp:featuredmedia":[{"embeddable":true,"href":"https:\/\/encuentroinformativo.com.mx\/index.php?rest_route=\/wp\/v2\/media\/50487"}],"wp:attachment":[{"href":"https:\/\/encuentroinformativo.com.mx\/index.php?rest_route=%2Fwp%2Fv2%2Fmedia&parent=50486"}],"wp:term":[{"taxonomy":"category","embeddable":true,"href":"https:\/\/encuentroinformativo.com.mx\/index.php?rest_route=%2Fwp%2Fv2%2Fcategories&post=50486"},{"taxonomy":"post_tag","embeddable":true,"href":"https:\/\/encuentroinformativo.com.mx\/index.php?rest_route=%2Fwp%2Fv2%2Ftags&post=50486"}],"curies":[{"name":"wp","href":"https:\/\/api.w.org\/{rel}","templated":true}]}}