{"id":50492,"date":"2024-02-10T17:34:54","date_gmt":"2024-02-10T23:34:54","guid":{"rendered":"https:\/\/encuentroinformativo.com.mx\/?p=50492"},"modified":"2024-02-10T17:35:00","modified_gmt":"2024-02-10T23:35:00","slug":"fiscalia-persigue-a-opositores-mc","status":"publish","type":"post","link":"https:\/\/encuentroinformativo.com.mx\/?p=50492","title":{"rendered":"Fiscal\u00eda persigue a opositores: MC"},"content":{"rendered":"\n<p><strong>Dar\u00edo Pale <\/strong><\/p>\n\n\n\n<p>Xalapa, Ver.- Luis Carbonell de la Hoz delegado nacional de Movimiento Ciudadano (MC) en Veracruz, dio a conocer que la Fiscal\u00eda General del Estado (FGE), trae un tema de persecuci\u00f3n pol\u00edtica a opositores, pero espera que cambie y detenga a los verdaderos delincuentes.<\/p>\n\n\n\n<p>En entrevista durante la colocaci\u00f3n de propaganda en algunos veh\u00edculos en el centro de Xalapa, se\u00f1al\u00f3 que las personas que sufren la inseguridad, la falta de empleo, falta de salud, pobreza, educaci\u00f3n entre otras muchas carencias, lo invitan a cambiar la pol\u00edtica por una que si sepa gobernar.<\/p>\n\n\n\n<p>Coment\u00f3 que es m\u00e1s que evidente que se de una elecci\u00f3n de estado, &#8220;pero las gentes y las conciencias no las compra el dinero ni las compra un programa social, porque debo decirlo con claridad, Movimiento Ciudadano los programas sociales se van a mantener y sobre todo que hoy buscan que la gente viva mejor, los programas van a seguir&#8221;.<\/p>\n\n\n\n<p>En lo que se refiere a la candidata de Morena se\u00f1al\u00f3 que, los veracruzanos tienen identidad, se sienten orgullosos de serlo, Veracruz se merece que un veracruzano lo gobierne, pero m\u00e1s all\u00e1 de eso que conozca el estado por qu\u00e9 lo importante es &#8220;vivir aqu\u00ed crecer aqu\u00ed, conocer los problemas de los veracruzanos quien no ha vivido aqu\u00ed pues no puede conocer la realidad de Veracruz&#8221;.<\/p>\n\n\n\n<p>Se\u00f1al\u00f3 que tienen la posibilidad de ganar en algunos distritos tanto locales como federales adem\u00e1s de la senadur\u00eda del estado.<\/p>\n\n\n\n<p>Sobre las acusaciones del gobernador en contra de la candidata de MC a la senadur\u00eda dijo que, hizo algunos se\u00f1alamientos pero la trayectoria de vida de cada uno habla por s\u00ed sola, ya que tiene una carrera judicial acreditada y en su momento tendr\u00e1n que esclarecer los hechos por los que se est\u00e1 juzgando.<\/p>\n\n\n\n<p>Por \u00faltimo se\u00f1al\u00f3 que pareciera que la FGE est\u00e1 juzgando m\u00e1s a los pol\u00edticos que a los propios delincuentes se\u00f1al\u00f3 que &#8220;los \u00edndices de inseguridad est\u00e1n desatados y la fiscal trae un tema de persecuci\u00f3n pol\u00edtica a opositores pero yo hago votos porque se reivindique y metan a los delincuentes, no a los presos pol\u00edticos&#8221;.\u00a0<\/p>\n","protected":false},"excerpt":{"rendered":"<p>Dar\u00edo Pale Xalapa, Ver.- Luis Carbonell de la Hoz delegado nacional de Movimiento Ciudadano (MC) en Veracruz, dio a conocer que la Fiscal\u00eda General del Estado (FGE), trae un tema de persecuci\u00f3n pol\u00edtica a opositores, pero espera que cambie y detenga a los verdaderos delincuentes. En entrevista durante la colocaci\u00f3n de propaganda en algunos veh\u00edculos [&hellip;]<\/p>\n","protected":false},"author":2476,"featured_media":50493,"comment_status":"open","ping_status":"open","sticky":false,"template":"","format":"standard","meta":{"_jetpack_memberships_contains_paid_content":false,"footnotes":""},"categories":[2],"tags":[],"class_list":["post-50492","post","type-post","status-publish","format-standard","has-post-thumbnail","hentry","category-estado"],"jetpack_featured_media_url":"https:\/\/encuentroinformativo.com.mx\/wp-content\/uploads\/2024\/02\/IMG-20240210-WA0033.jpg","jetpack_sharing_enabled":true,"jetpack_likes_enabled":true,"amp_enabled":true,"_links":{"self":[{"href":"https:\/\/encuentroinformativo.com.mx\/index.php?rest_route=\/wp\/v2\/posts\/50492","targetHints":{"allow":["GET"]}}],"collection":[{"href":"https:\/\/encuentroinformativo.com.mx\/index.php?rest_route=\/wp\/v2\/posts"}],"about":[{"href":"https:\/\/encuentroinformativo.com.mx\/index.php?rest_route=\/wp\/v2\/types\/post"}],"author":[{"embeddable":true,"href":"https:\/\/encuentroinformativo.com.mx\/index.php?rest_route=\/wp\/v2\/users\/2476"}],"replies":[{"embeddable":true,"href":"https:\/\/encuentroinformativo.com.mx\/index.php?rest_route=%2Fwp%2Fv2%2Fcomments&post=50492"}],"version-history":[{"count":1,"href":"https:\/\/encuentroinformativo.com.mx\/index.php?rest_route=\/wp\/v2\/posts\/50492\/revisions"}],"predecessor-version":[{"id":50494,"href":"https:\/\/encuentroinformativo.com.mx\/index.php?rest_route=\/wp\/v2\/posts\/50492\/revisions\/50494"}],"wp:featuredmedia":[{"embeddable":true,"href":"https:\/\/encuentroinformativo.com.mx\/index.php?rest_route=\/wp\/v2\/media\/50493"}],"wp:attachment":[{"href":"https:\/\/encuentroinformativo.com.mx\/index.php?rest_route=%2Fwp%2Fv2%2Fmedia&parent=50492"}],"wp:term":[{"taxonomy":"category","embeddable":true,"href":"https:\/\/encuentroinformativo.com.mx\/index.php?rest_route=%2Fwp%2Fv2%2Fcategories&post=50492"},{"taxonomy":"post_tag","embeddable":true,"href":"https:\/\/encuentroinformativo.com.mx\/index.php?rest_route=%2Fwp%2Fv2%2Ftags&post=50492"}],"curies":[{"name":"wp","href":"https:\/\/api.w.org\/{rel}","templated":true}]}}