{"id":50501,"date":"2024-02-11T12:42:10","date_gmt":"2024-02-11T18:42:10","guid":{"rendered":"https:\/\/encuentroinformativo.com.mx\/?p=50501"},"modified":"2024-02-11T12:42:15","modified_gmt":"2024-02-11T18:42:15","slug":"invita-ivai-a-participar-en-la-revista-accesa","status":"publish","type":"post","link":"https:\/\/encuentroinformativo.com.mx\/?p=50501","title":{"rendered":"Invita IVAI  a participar en la Revista Accesa"},"content":{"rendered":"\n<p><strong>*El tema de la edici\u00f3n 26 es: \u201cEl derecho humano a la protecci\u00f3n de datos personales en la ni\u00f1ez y la adolescencia&#8221;.<\/strong><\/p>\n\n\n\n<p><strong>*Est\u00e1 dirigida a la sociedad en general, especialistas en la materia, servidores p\u00fablicos, periodistas y docentes, as\u00ed como ni\u00f1as, ni\u00f1os y adolescentes.<\/strong><\/p>\n\n\n\n<p>Xalapa, Ver.- El Instituto Veracruzano de Acceso a la Informaci\u00f3n y Protecci\u00f3n de Datos Personales (IVAI) invit\u00f3 a la sociedad a participar en la edici\u00f3n 26 de la revista Accesa, con el tema \u201cEl derecho humano a la protecci\u00f3n de datos personales en la ni\u00f1ez y la adolescencia&#8221;.<\/p>\n\n\n\n<p>De acuerdo a la convocatoria aprobada por el Pleno de este \u00f3rgano garante, se recibir\u00e1n trabajos, textos y dibujos hasta el d\u00eda 29 de marzo, a trav\u00e9s del correo electr\u00f3nico revista.accesa@ivai.org.mx<\/p>\n\n\n\n<p>El comisionado presidente, David Agust\u00edn Jim\u00e9nez Rojas, destac\u00f3 que el IVAI es una instituci\u00f3n comprometida con la transparencia, el acceso a la informaci\u00f3n y la protecci\u00f3n de datos personales, por lo que se publicar\u00e1 esta edici\u00f3n el pr\u00f3ximo 30 de abril en el marco del \u201cD\u00eda de la Ni\u00f1ez\u201d.<\/p>\n\n\n\n<p>\u201cEsta iniciativa busca fomentar la importancia de salvaguardar la privacidad de los ni\u00f1os y adolescentes en un entorno digital en constante evoluci\u00f3n\u201d, expres\u00f3.<\/p>\n\n\n\n<p>La comisionada Naldy Rodr\u00edguez Lagunes, quien preside el Comit\u00e9 Acad\u00e9mico y Editorial del IVAI, inform\u00f3 que podr\u00e1n participar integrantes de la sociedad en general, especialistas en el tema, servidores p\u00fablicos, periodistas, docentes y estudiantes.<\/p>\n\n\n\n<p>Mencion\u00f3 que en esta nueva convocatoria se busca dar voz a la ni\u00f1ez y juventud veracruzana, as\u00ed como fortalecer el di\u00e1logo y la conciencia sobre el derecho humano a la protecci\u00f3n de datos personales y a la privacidad.<\/p>\n\n\n\n<p>\u201cEn la seccion que se abrir\u00e1 para ni\u00f1as, ni\u00f1os y adolescentes podr\u00e1n participar hasta los 17 a\u00f1os de edad, quienes, contando con la autorizaci\u00f3n del padre, madre o tutor. Pueden remitir un texto libre, dibujo, historia o cualquier expresi\u00f3n con un contenido original para todas y todos\u201d, a\u00f1adi\u00f3 la comisionada.<\/p>\n\n\n\n<p>Las personas participantes podr\u00edan remitir sus textos en formato libre, art\u00edculo de opini\u00f3n, columna y nota informativa; deber\u00e1n sujetarse a los requisitos, t\u00e9rminos y procedimientos establecidos en la siguiente Convocatoria:<br>https:\/\/ivai.org.mx\/documentos\/CONVOCATORIA_REVISTA_ACCESA_26.pdf?fbclid=IwAR0cT5Ocl3D32fuLZGKn90-YvQWkaJIRFIPni_CDq43K8tZu1q_S9AJ_yW8<\/p>\n","protected":false},"excerpt":{"rendered":"<p>*El tema de la edici\u00f3n 26 es: \u201cEl derecho humano a la protecci\u00f3n de datos personales en la ni\u00f1ez y la adolescencia&#8221;. *Est\u00e1 dirigida a la sociedad en general, especialistas en la materia, servidores p\u00fablicos, periodistas y docentes, as\u00ed como ni\u00f1as, ni\u00f1os y adolescentes. Xalapa, Ver.- El Instituto Veracruzano de Acceso a la Informaci\u00f3n y [&hellip;]<\/p>\n","protected":false},"author":2476,"featured_media":50502,"comment_status":"open","ping_status":"open","sticky":false,"template":"","format":"standard","meta":{"_jetpack_memberships_contains_paid_content":false,"footnotes":""},"categories":[2],"tags":[],"class_list":["post-50501","post","type-post","status-publish","format-standard","has-post-thumbnail","hentry","category-estado"],"jetpack_featured_media_url":"https:\/\/encuentroinformativo.com.mx\/wp-content\/uploads\/2024\/02\/IMG-20240211-WA0001.jpg","jetpack_sharing_enabled":true,"jetpack_likes_enabled":true,"amp_enabled":true,"_links":{"self":[{"href":"https:\/\/encuentroinformativo.com.mx\/index.php?rest_route=\/wp\/v2\/posts\/50501","targetHints":{"allow":["GET"]}}],"collection":[{"href":"https:\/\/encuentroinformativo.com.mx\/index.php?rest_route=\/wp\/v2\/posts"}],"about":[{"href":"https:\/\/encuentroinformativo.com.mx\/index.php?rest_route=\/wp\/v2\/types\/post"}],"author":[{"embeddable":true,"href":"https:\/\/encuentroinformativo.com.mx\/index.php?rest_route=\/wp\/v2\/users\/2476"}],"replies":[{"embeddable":true,"href":"https:\/\/encuentroinformativo.com.mx\/index.php?rest_route=%2Fwp%2Fv2%2Fcomments&post=50501"}],"version-history":[{"count":1,"href":"https:\/\/encuentroinformativo.com.mx\/index.php?rest_route=\/wp\/v2\/posts\/50501\/revisions"}],"predecessor-version":[{"id":50503,"href":"https:\/\/encuentroinformativo.com.mx\/index.php?rest_route=\/wp\/v2\/posts\/50501\/revisions\/50503"}],"wp:featuredmedia":[{"embeddable":true,"href":"https:\/\/encuentroinformativo.com.mx\/index.php?rest_route=\/wp\/v2\/media\/50502"}],"wp:attachment":[{"href":"https:\/\/encuentroinformativo.com.mx\/index.php?rest_route=%2Fwp%2Fv2%2Fmedia&parent=50501"}],"wp:term":[{"taxonomy":"category","embeddable":true,"href":"https:\/\/encuentroinformativo.com.mx\/index.php?rest_route=%2Fwp%2Fv2%2Fcategories&post=50501"},{"taxonomy":"post_tag","embeddable":true,"href":"https:\/\/encuentroinformativo.com.mx\/index.php?rest_route=%2Fwp%2Fv2%2Ftags&post=50501"}],"curies":[{"name":"wp","href":"https:\/\/api.w.org\/{rel}","templated":true}]}}