{"id":50507,"date":"2024-02-11T14:25:12","date_gmt":"2024-02-11T20:25:12","guid":{"rendered":"https:\/\/encuentroinformativo.com.mx\/?p=50507"},"modified":"2024-02-11T14:25:18","modified_gmt":"2024-02-11T20:25:18","slug":"logran-acuerdo-autoridades-y-academicos-del-tecnologico-de-xalapa","status":"publish","type":"post","link":"https:\/\/encuentroinformativo.com.mx\/?p=50507","title":{"rendered":"Logran acuerdo autoridades y academicos del Tecnol\u00f3gico de Xalapa"},"content":{"rendered":"\n<p><strong>Juan Arcos <\/strong><\/p>\n\n\n\n<p>Xalapa, Ver.- Luego de la manifestaci\u00f3n en el Instituto Tecnol\u00f3gico Superior de Xalapa (ITSX) durante el s\u00e1bado 10 de febrero, las autoridades acad\u00e9micas llegaron a un acuerdo con los docentes que exig\u00edan respeto a sus derechos laborales.<\/p>\n\n\n\n<p>La instituci\u00f3n de educaci\u00f3n superior inform\u00f3, a trav\u00e9s de un comunicado, que hubo di\u00e1logo con los representantes del Sindicato de Empleados, Trabajadores y Docentes del Instituto Tecnol\u00f3gico Superior de Xalapa (SETDITSX).<\/p>\n\n\n\n<p>\u201cSe respetaron los acuerdos realizados entre la organizaci\u00f3n sindical y el ITSX, el pasado 6 de febrero, ante el Tribunal de Conciliaci\u00f3n y Arbitraje (TECA)\u201d, se lee.<\/p>\n\n\n\n<p>En el documento se indica que les fue asignada carga acad\u00e9mica a las docentes Patricia S\u00e1nchez Hern\u00e1ndez y Luz del Carmen Porras Sol\u00eds, como lo hab\u00edan solicitado.<\/p>\n\n\n\n<p>El oficio est\u00e1 firmado por el director general del Instituto Tecn\u00f3logico Superior de Xalapa, Walter Luis S\u00e1iz Gonz\u00e1lez, donde se detalla que la informaci\u00f3n puede consultarse en el portal de transparencia GAATX.<\/p>\n\n\n\n<p>Cabe recordar que el pasado 30 de octubre, Rafael Arcos Morales, secretario general del SETDITSX present\u00f3 ante el Tribunal de Conciliaci\u00f3n y Arbitraje \u00a0un emplazamiento a huelga para el 6 de noviembre de 2023, por presuntas violaciones al Contrato Colectivo de Trabajo.<\/p>\n\n\n\n<p>En ese sentido, el TECA pidi\u00f3 agotar las reuniones conciliatorias, mismas que contin\u00faan en proceso, program\u00e1ndose otra para el pr\u00f3ximo 26 de febrero, a las 10:00 horas, en la Direcci\u00f3n de Educaci\u00f3n Tecnol\u00f3gica.<\/p>\n\n\n\n<p>Tambi\u00e9n ha circulado la versi\u00f3n de que el pago del ahorro respectivo al periodo diciembre 2023 ser\u00e1 depositado a m\u00e1s tardar el pr\u00f3ximo 15 de marzo, para dar seguimiento a las demandas de los sindicalizados que tomaron el plantel educativo.<\/p>\n","protected":false},"excerpt":{"rendered":"<p>Juan Arcos Xalapa, Ver.- Luego de la manifestaci\u00f3n en el Instituto Tecnol\u00f3gico Superior de Xalapa (ITSX) durante el s\u00e1bado 10 de febrero, las autoridades acad\u00e9micas llegaron a un acuerdo con los docentes que exig\u00edan respeto a sus derechos laborales. La instituci\u00f3n de educaci\u00f3n superior inform\u00f3, a trav\u00e9s de un comunicado, que hubo di\u00e1logo con los [&hellip;]<\/p>\n","protected":false},"author":2476,"featured_media":50508,"comment_status":"open","ping_status":"open","sticky":false,"template":"","format":"standard","meta":{"_jetpack_memberships_contains_paid_content":false,"footnotes":""},"categories":[3],"tags":[],"class_list":["post-50507","post","type-post","status-publish","format-standard","has-post-thumbnail","hentry","category-xalapa"],"jetpack_featured_media_url":"https:\/\/encuentroinformativo.com.mx\/wp-content\/uploads\/2024\/02\/IMG_5049.jpg","jetpack_sharing_enabled":true,"jetpack_likes_enabled":true,"amp_enabled":true,"_links":{"self":[{"href":"https:\/\/encuentroinformativo.com.mx\/index.php?rest_route=\/wp\/v2\/posts\/50507","targetHints":{"allow":["GET"]}}],"collection":[{"href":"https:\/\/encuentroinformativo.com.mx\/index.php?rest_route=\/wp\/v2\/posts"}],"about":[{"href":"https:\/\/encuentroinformativo.com.mx\/index.php?rest_route=\/wp\/v2\/types\/post"}],"author":[{"embeddable":true,"href":"https:\/\/encuentroinformativo.com.mx\/index.php?rest_route=\/wp\/v2\/users\/2476"}],"replies":[{"embeddable":true,"href":"https:\/\/encuentroinformativo.com.mx\/index.php?rest_route=%2Fwp%2Fv2%2Fcomments&post=50507"}],"version-history":[{"count":1,"href":"https:\/\/encuentroinformativo.com.mx\/index.php?rest_route=\/wp\/v2\/posts\/50507\/revisions"}],"predecessor-version":[{"id":50509,"href":"https:\/\/encuentroinformativo.com.mx\/index.php?rest_route=\/wp\/v2\/posts\/50507\/revisions\/50509"}],"wp:featuredmedia":[{"embeddable":true,"href":"https:\/\/encuentroinformativo.com.mx\/index.php?rest_route=\/wp\/v2\/media\/50508"}],"wp:attachment":[{"href":"https:\/\/encuentroinformativo.com.mx\/index.php?rest_route=%2Fwp%2Fv2%2Fmedia&parent=50507"}],"wp:term":[{"taxonomy":"category","embeddable":true,"href":"https:\/\/encuentroinformativo.com.mx\/index.php?rest_route=%2Fwp%2Fv2%2Fcategories&post=50507"},{"taxonomy":"post_tag","embeddable":true,"href":"https:\/\/encuentroinformativo.com.mx\/index.php?rest_route=%2Fwp%2Fv2%2Ftags&post=50507"}],"curies":[{"name":"wp","href":"https:\/\/api.w.org\/{rel}","templated":true}]}}