{"id":50510,"date":"2024-02-11T14:35:38","date_gmt":"2024-02-11T20:35:38","guid":{"rendered":"https:\/\/encuentroinformativo.com.mx\/?p=50510"},"modified":"2024-02-11T14:35:43","modified_gmt":"2024-02-11T20:35:43","slug":"aumentan-desapariciones-de-integrantes-de-la-comunidad-lgbtttiq","status":"publish","type":"post","link":"https:\/\/encuentroinformativo.com.mx\/?p=50510","title":{"rendered":"Aumentan desapariciones de integrantes de la comunidad Lgbtttiq+"},"content":{"rendered":"\n<p><strong>Juan Arcos <\/strong><\/p>\n\n\n\n<p>Xalapa, Ver.- Durante el inicio de este 2024 aumentaron las desapariciones de integrantes de la comunidad L\u00e9sbico, Gay, Bisexual, Transexual, Travesti, Transg\u00e9nero, Intersexual y Queer (Lgbtttiq+) en el estado de Veracruz.<\/p>\n\n\n\n<p>De acuerdo con el coordinador del Colectivo Egalit\u00e9 et Justice, Te\u00f3filo Cancela, se habla de tres casos de desaparici\u00f3n en lo que va de este a\u00f1o.<\/p>\n\n\n\n<p>Ha habido desapariciones, cosa que no se hab\u00eda estado dando, nos sorprende que haya desapariciones por parte de miembros de la comunidad\u201d.<\/p>\n\n\n\n<p>Tambi\u00e9n destac\u00f3 que contin\u00faan los cr\u00edmenes de odio por homofobia y transfobia en la entidad veracruzana. Hay registro de al menos dos casos de esta \u00edndole.<\/p>\n\n\n\n<p>En ese sentido, destac\u00f3 la necesidad de contar con una fiscal\u00eda especializada en delitos contra esta poblaci\u00f3n y un consejo estatal para prevenir y erradicar la discriminaci\u00f3n.<\/p>\n\n\n\n<p>\u201cPorque tambi\u00e9n vemos un rezago en algunas leyes, reglamentos. Estamos conscientes de que falta legislar mucho, pero aqu\u00ed hay un punto bien, bien, bien, bien, bien importante que es lo que hace falta una fiscal\u00eda especializada. Eso nos queda claro. Primero una fiscal\u00eda, una fiscal\u00eda especializada en delitos contra la poblaci\u00f3n, as\u00ed como la hay una fiscal\u00eda para la familia, una fiscal\u00eda para la mujer, eso hace falta una fiscal\u00eda\u201d.<\/p>\n\n\n\n<p>Tambi\u00e9n mencion\u00f3 que hay avances trabajados con el ayuntamiento de Xalapa para realizar acciones que combatan la discriminaci\u00f3n contra este sector.<\/p>\n\n\n\n<p>\u201cHace falta tambi\u00e9n un tipo consejo estatal, una secretar\u00eda, un consejo que tenga autonom\u00eda para prevenir y erradicar la discriminaci\u00f3n hacia la poblaci\u00f3n. Algo que se est\u00e1 trabajando mucho, muy de cerca con el ayuntamiento para que sea municipal, para que se reinstale el consejo municipal para prevenir y erradicar la discriminaci\u00f3n\u201d, enfatiz\u00f3.<\/p>\n","protected":false},"excerpt":{"rendered":"<p>Juan Arcos Xalapa, Ver.- Durante el inicio de este 2024 aumentaron las desapariciones de integrantes de la comunidad L\u00e9sbico, Gay, Bisexual, Transexual, Travesti, Transg\u00e9nero, Intersexual y Queer (Lgbtttiq+) en el estado de Veracruz. De acuerdo con el coordinador del Colectivo Egalit\u00e9 et Justice, Te\u00f3filo Cancela, se habla de tres casos de desaparici\u00f3n en lo que [&hellip;]<\/p>\n","protected":false},"author":2476,"featured_media":50511,"comment_status":"open","ping_status":"open","sticky":false,"template":"","format":"standard","meta":{"_jetpack_memberships_contains_paid_content":false,"footnotes":""},"categories":[2],"tags":[],"class_list":["post-50510","post","type-post","status-publish","format-standard","has-post-thumbnail","hentry","category-estado"],"jetpack_featured_media_url":"https:\/\/encuentroinformativo.com.mx\/wp-content\/uploads\/2024\/02\/IMG_3235.jpg","jetpack_sharing_enabled":true,"jetpack_likes_enabled":true,"amp_enabled":true,"_links":{"self":[{"href":"https:\/\/encuentroinformativo.com.mx\/index.php?rest_route=\/wp\/v2\/posts\/50510","targetHints":{"allow":["GET"]}}],"collection":[{"href":"https:\/\/encuentroinformativo.com.mx\/index.php?rest_route=\/wp\/v2\/posts"}],"about":[{"href":"https:\/\/encuentroinformativo.com.mx\/index.php?rest_route=\/wp\/v2\/types\/post"}],"author":[{"embeddable":true,"href":"https:\/\/encuentroinformativo.com.mx\/index.php?rest_route=\/wp\/v2\/users\/2476"}],"replies":[{"embeddable":true,"href":"https:\/\/encuentroinformativo.com.mx\/index.php?rest_route=%2Fwp%2Fv2%2Fcomments&post=50510"}],"version-history":[{"count":1,"href":"https:\/\/encuentroinformativo.com.mx\/index.php?rest_route=\/wp\/v2\/posts\/50510\/revisions"}],"predecessor-version":[{"id":50512,"href":"https:\/\/encuentroinformativo.com.mx\/index.php?rest_route=\/wp\/v2\/posts\/50510\/revisions\/50512"}],"wp:featuredmedia":[{"embeddable":true,"href":"https:\/\/encuentroinformativo.com.mx\/index.php?rest_route=\/wp\/v2\/media\/50511"}],"wp:attachment":[{"href":"https:\/\/encuentroinformativo.com.mx\/index.php?rest_route=%2Fwp%2Fv2%2Fmedia&parent=50510"}],"wp:term":[{"taxonomy":"category","embeddable":true,"href":"https:\/\/encuentroinformativo.com.mx\/index.php?rest_route=%2Fwp%2Fv2%2Fcategories&post=50510"},{"taxonomy":"post_tag","embeddable":true,"href":"https:\/\/encuentroinformativo.com.mx\/index.php?rest_route=%2Fwp%2Fv2%2Ftags&post=50510"}],"curies":[{"name":"wp","href":"https:\/\/api.w.org\/{rel}","templated":true}]}}