{"id":50515,"date":"2024-02-12T09:18:08","date_gmt":"2024-02-12T15:18:08","guid":{"rendered":"https:\/\/encuentroinformativo.com.mx\/?p=50515"},"modified":"2024-02-12T09:18:13","modified_gmt":"2024-02-12T15:18:13","slug":"menos-botes-menos-basura","status":"publish","type":"post","link":"https:\/\/encuentroinformativo.com.mx\/?p=50515","title":{"rendered":"MENOS BOTES, MENOS BASURA"},"content":{"rendered":"\n<p id=\"m_7154299805115311525m_-5419501447823578684docs-internal-guid-cfda583e-999c-1d43-a0f9-0587db35b1a7\"><strong>Los Pol\u00edticos<\/strong><\/p>\n\n\n\n<p><strong>Salvador Mu\u00f1oz<\/strong><\/p>\n\n\n\n<p>La rehabilitaci\u00f3n del parque de Jardines de Xalapa qued\u00f3 muy bien\u2026 paso obligado para miles de personas que suben o bajan de acuerdo a sus necesidades todos los d\u00edas, quiz\u00e1s bajando intensamente el fluido los fines de semana\u2026 se nota que hubo un interesante estudio para su rehabilitaci\u00f3n, pero no as\u00ed una estrategia.<\/p>\n\n\n\n<p>Todo iba bien en el parque hasta que empezaron a poner casi una decena de peque\u00f1os botes de basura en las \u00e1reas de recorrido y juego de esta \u00e1rea verde.<\/p>\n\n\n\n<p>S\u00ed, qu\u00e9 bueno que pusieron botes para la basura y sobre todo, cuando todos los d\u00edas de la semana confluye de todo: ni\u00f1os con sus padres, perros con sus propietarios, parejas de novios, un considerable n\u00famero de taxistas, motociclistas, empleados o de otra \u00edndole, que reunidos, comparten el pan y la sal\u2026 lo que no pensaron fue en \u201cQui\u00e9n le pone el cascabel al gato?\u201d Es decir: Qui\u00e9n iba a recoger la basura de esos botes, tanto en la periferia como al interior del parque.<\/p>\n\n\n\n<p>Luego de que los vecinos se percataron del problema, demandaron al Ayuntamiento su intervenci\u00f3n y as\u00ed, los s\u00e1bados, viene una camioneta con un grupo de personas a recoger las bolsas de basura de esos botes\u2026 \u00a1Exacto! Los vecinos tienen a bien colocar bolsas para evitar que si hay quienes depositan residuos biodegradables, escurran\u2026<\/p>\n\n\n\n<p>S\u00ed, en esta obra de rehabilitaci\u00f3n del parque, no hubo estrategia en un lugar donde quienes recorren en este parque, carecen de algo que debiera ser elemental en estos d\u00edas: Educaci\u00f3n Ambiental.<\/p>\n\n\n\n<p>En 1975, con la firma de la Carta de Belgrado, se estableci\u00f3 que la Educaci\u00f3n Mmbiental debe ser un proceso permanente dentro y fuera de la escuela, para que la sociedad pudiera asumir los retos de las problem\u00e1ticas ambientales en el mundo.<\/p>\n\n\n\n<p>Casi 50 a\u00f1os han pasado y la conciencia ambiental en M\u00e9xico apenas est\u00e1 despertando. As\u00ed lo demostr\u00f3 la encuesta Respuesta Verde 2022 realizada en 10 pa\u00edses, incluido M\u00e9xico, por la empresa sueca Essity, que se dedica a la fabricaci\u00f3n de productos de higiene personal y salud.<\/p>\n\n\n\n<p>Entre los datos que arroj\u00f3 dicha encuesta se\u00f1ala que 7 de cada 10 mexicanos creen que pueden generar un impacto positivo en el medio ambiente.<\/p>\n\n\n\n<p>Tambi\u00e9n revel\u00f3 que el 43% de los encuestados en M\u00e9xico est\u00e1 completamente de acuerdo en que las acciones de reciclaje pueden generar un impacto positivo en la ecolog\u00eda.<\/p>\n\n\n\n<p>Lo anterior refleja el optimismo de los mexicanos ante el panorama ambiental. Sin embargo, un verdadero cambio no s\u00f3lo requiere de optimismo sino tambi\u00e9n de acciones y esto, al parecer, son pocos en nuestra sociedad que lo tienen, y en nuestras autoridades contados los que lo tienen muy en claro, como es el caso del titular de la Procuradur\u00eda Estatal de Protecci\u00f3n al Medio Ambiente, Sergio Rodr\u00edguez Cort\u00e9s.<\/p>\n\n\n\n<p>El ejemplo de ello es el saneamiento de los tiraderos a cielo abierto que hay en toda la entidad veracruzana y para lo cual, desde el pasado 2023, Rodr\u00edguez Cort\u00e9s anunci\u00f3 la instalaci\u00f3n de cinco Centros de Transferencia de Residuos S\u00f3lidos Urbanos en municipios estrat\u00e9gicos.<\/p>\n\n\n\n<p>Los Centros de Transferencia funcionar\u00e1n con m\u00e1quinas especializadas para reducir, reciclar y reutilizar la basura que generen los municipios. As\u00ed se le dar\u00e1 un segundo uso a toneladas de materiales y ser\u00e1n mucho menos los desechos que finalmente lleguen a los rellenos sanitarios.<\/p>\n\n\n\n<p>El pasado 8 de febrero de 2024, en Mart\u00ednez de la Torre se comenz\u00f3 con la instalaci\u00f3n de la maquinaria en el predio habilitado para su Centro de Transferencia, y la PMA va por otros Centros similares en Tuxpan, \u00c1ngel R. Cabada, Papantla y Juan Rodr\u00edguez Clara.<\/p>\n\n\n\n<p>La estrategia seguramente ayudar\u00e1 a reducir en buena parte las m\u00e1s de 3 mil 800 toneladas de desechos que en promedio reciben al d\u00eda los basureros de la entidad.<\/p>\n\n\n\n<p>Este proyecto impulsado por Sergio Rodr\u00edguez forma parte de las pol\u00edticas p\u00fablicas ambientales que la administraci\u00f3n estatal de Cuitl\u00e1huac Garc\u00eda ha propuesto y es solo el inicio de un largo recorrido para lograr la justicia ambiental que Veracruz merece.<\/p>\n\n\n\n<p>Si ya se hace a nivel macro, igual se deber\u00eda de pasar a lo micro\u2026 en los botes de basura del parque de donde yo vivo, hay cantidad de platos y vasos de unicel, botellas de pl\u00e1stico, cartones y papel de recipientes de comida; sin contar con vecinos que han hecho de estos dep\u00f3sitos sus propios botes de basura\u2026 en fin\u2026 si la PMA est\u00e1 haciendo su chamba, quiz\u00e1s la SEV y el Ayuntamiento bien podr\u00edan pensar en una estrategia que disminuya en fluido de estas basuras combinado con Educaci\u00f3n Ambiental\u2026 a lo mejor un d\u00eda lleguemos a una ecuaci\u00f3n simple ecol\u00f3gica: a menos botes de basura, menos basura.<\/p>\n","protected":false},"excerpt":{"rendered":"<p>Los Pol\u00edticos Salvador Mu\u00f1oz La rehabilitaci\u00f3n del parque de Jardines de Xalapa qued\u00f3 muy bien\u2026 paso obligado para miles de personas que suben o bajan de acuerdo a sus necesidades todos los d\u00edas, quiz\u00e1s bajando intensamente el fluido los fines de semana\u2026 se nota que hubo un interesante estudio para su rehabilitaci\u00f3n, pero no as\u00ed [&hellip;]<\/p>\n","protected":false},"author":2476,"featured_media":387,"comment_status":"open","ping_status":"open","sticky":false,"template":"","format":"standard","meta":{"_jetpack_memberships_contains_paid_content":false,"footnotes":""},"categories":[11],"tags":[],"class_list":["post-50515","post","type-post","status-publish","format-standard","has-post-thumbnail","hentry","category-opinion"],"jetpack_featured_media_url":"https:\/\/encuentroinformativo.com.mx\/wp-content\/uploads\/2020\/03\/7CF8A22B-2764-47BE-8F7F-38FE9E5D6A2F.jpeg","jetpack_sharing_enabled":true,"jetpack_likes_enabled":true,"amp_enabled":true,"_links":{"self":[{"href":"https:\/\/encuentroinformativo.com.mx\/index.php?rest_route=\/wp\/v2\/posts\/50515","targetHints":{"allow":["GET"]}}],"collection":[{"href":"https:\/\/encuentroinformativo.com.mx\/index.php?rest_route=\/wp\/v2\/posts"}],"about":[{"href":"https:\/\/encuentroinformativo.com.mx\/index.php?rest_route=\/wp\/v2\/types\/post"}],"author":[{"embeddable":true,"href":"https:\/\/encuentroinformativo.com.mx\/index.php?rest_route=\/wp\/v2\/users\/2476"}],"replies":[{"embeddable":true,"href":"https:\/\/encuentroinformativo.com.mx\/index.php?rest_route=%2Fwp%2Fv2%2Fcomments&post=50515"}],"version-history":[{"count":1,"href":"https:\/\/encuentroinformativo.com.mx\/index.php?rest_route=\/wp\/v2\/posts\/50515\/revisions"}],"predecessor-version":[{"id":50516,"href":"https:\/\/encuentroinformativo.com.mx\/index.php?rest_route=\/wp\/v2\/posts\/50515\/revisions\/50516"}],"wp:featuredmedia":[{"embeddable":true,"href":"https:\/\/encuentroinformativo.com.mx\/index.php?rest_route=\/wp\/v2\/media\/387"}],"wp:attachment":[{"href":"https:\/\/encuentroinformativo.com.mx\/index.php?rest_route=%2Fwp%2Fv2%2Fmedia&parent=50515"}],"wp:term":[{"taxonomy":"category","embeddable":true,"href":"https:\/\/encuentroinformativo.com.mx\/index.php?rest_route=%2Fwp%2Fv2%2Fcategories&post=50515"},{"taxonomy":"post_tag","embeddable":true,"href":"https:\/\/encuentroinformativo.com.mx\/index.php?rest_route=%2Fwp%2Fv2%2Ftags&post=50515"}],"curies":[{"name":"wp","href":"https:\/\/api.w.org\/{rel}","templated":true}]}}