{"id":50524,"date":"2024-02-12T11:54:05","date_gmt":"2024-02-12T17:54:05","guid":{"rendered":"https:\/\/encuentroinformativo.com.mx\/?p=50524"},"modified":"2024-02-12T12:52:42","modified_gmt":"2024-02-12T18:52:42","slug":"congruencia-ideologia-y-nacionalismo-han-sido-mis-banderas-nahle","status":"publish","type":"post","link":"https:\/\/encuentroinformativo.com.mx\/?p=50524","title":{"rendered":"Congruencia, ideolog\u00eda y nacionalismo han sido mis banderas; Nahle"},"content":{"rendered":"\n<p><strong>*Cerr\u00f3 precampa\u00f1a con 30 puntos de ventaja.<br>* Iniciar\u00e1 campa\u00f1a el 31 de marzo en el Puerto de Veracruz.<\/strong><\/p>\n\n\n\n<p>Alvarado, Ver.- Manteni\u00e9ndose como favorita en las preferencias electorales, la precandidata de la coalici\u00f3n \u2013Sigamos Haciendo Historia en Veracruz- a la gubernatura del estado, Roc\u00edo Nahle Garc\u00eda, cerr\u00f3 precampa\u00f1a en el Malec\u00f3n de este emblem\u00e1tico municipio costero.<\/p>\n\n\n\n<p>Ante cientos de simpatizantes, quienes mostraron su total apoyo, la coordinadora de los Comit\u00e9s de Defensa de la Cuarta Transformaci\u00f3n en la entidad, subray\u00f3 que hasta este cierre se realizaron 108 asambleas informativas en igual n\u00famero de municipios, donde cifras no mienten, arrasando de manera abrumadora este primer proceso rumbo a la elecci\u00f3n de pr\u00f3ximo domingo 2 de junio con 30 puntos de ventaja sobre su m\u00e1s cercano adversario, de acuerdo con encuestas nacionales; comprometi\u00e9ndose a seguir caminando por su Veracruz para que los 212 municipios reafirmen los beneficios de la Transformaci\u00f3n.<\/p>\n\n\n\n<p>\u201cHay que organizarnos como en el 2018 en cada comunidad, en cada pueblo, en cada ciudad; que no quede una sola zona sin cubrir de informaci\u00f3n, sin hablar con los vecinos para dialogar sobre los beneficios de la Transformaci\u00f3n, que ya inici\u00f3 nuestro l\u00edder , y sobre todo se\u00f1alar que es tiempo de definiciones\u201d dijo.<\/p>\n\n\n\n<p>Con el grito de \u00a1gobernadora, gobernadora!, Nahle Garc\u00eda, con entusiasmo, afirm\u00f3 ser una mujer de trabajo, de planeaci\u00f3n, de ejecuci\u00f3n y sobre todos de resultados; exaltando que en su carrera pol\u00edtica, la congruencia, ideolog\u00eda y nacionalismo han sido su bandera.<\/p>\n\n\n\n<p>Pidi\u00f3 a las y los compa\u00f1eros a continuar con la construcci\u00f3n del segundo piso de la Transformaci\u00f3n; \u201cPorque todav\u00eda nos falta un buen tramo para vencer el rezago que nos dej\u00f3 el r\u00e9gimen neoliberal\u201d; adem\u00e1s anunci\u00f3 que arrancar\u00e1 con su campa\u00f1a rumbo a la gubernatura este pr\u00f3ximo 31 de marzo en el Puerto de Veracruz.<\/p>\n\n\n\n<p>En este evento, <em>destac\u00f3 la presencia del maestro Eleazar Guerrero P\u00e9rez, presidente de la asociaci\u00f3n Unidos Todos,<\/em> qui\u00e9n se dijo convencido de los avances significativos que en estos m\u00e1s de cinco a\u00f1os se han consumado con la Transformaci\u00f3n.<br>Refrend\u00f3 el apoyo hacia las y los candidatos de su partido que contender\u00e1n en este ejercicio democr\u00e1tico del 2024; \u201cTenemos unos excelentes candidatos y candidatas. En el movimiento de la Cuarta Transformaci\u00f3n hay valores por todos lados, gente valiosa, gente que ha trabajado por muchos a\u00f1os en la izquierda y que tienen muy firme los principios\u201d, subray\u00f3.<\/p>\n\n\n\n<p><em>En entrevista a medios de comunicaci\u00f3n, Guerrero P\u00e9rez apunt\u00f3 que en estos cinco a\u00f1os de gobierno de la Cuarta Transformaci\u00f3n, no hay ninguna observaci\u00f3n por malversaci\u00f3n de fondos o deviaci\u00f3n de recurso; esto ante las \u201cdenuncias\u201d que la oposici\u00f3n realiz\u00f3 ante la Fiscal\u00eda del estado; \u201cAh\u00ed est\u00e1 la Auditor\u00eda Superior de la Federaci\u00f3n, ah\u00ed est\u00e1n los informes de la Secretar\u00eda de la Funci\u00f3n P\u00fablica, del Orfis, entonces a ellos no les queda otra cosa que eso, solamente eso\u201d, coment\u00f3.<\/em><\/p>\n\n\n\n<p>Por ultim\u00f3 mencion\u00f3 que considerando lo anterior, el candidato de la oposici\u00f3n ser\u00eda c\u00f3mplice de los desv\u00edos de recursos que ocasionaron los partidos de su coalici\u00f3n siendo que \u00e9l fue diputado y senador;<br>\u201cSiempre he insistido que quien tienen un representaci\u00f3n domo la tuvo \u00e9l, en el tiempo del saqueo m\u00e1s salvaje en la historia de Veracruz y nunca lo denunci\u00f3, es c\u00f3mplice, y si es c\u00f3mplice tambi\u00e9n es culpable y tambi\u00e9n es corrupto\u201d, finaliz\u00f3.<\/p>\n","protected":false},"excerpt":{"rendered":"<p>*Cerr\u00f3 precampa\u00f1a con 30 puntos de ventaja.* Iniciar\u00e1 campa\u00f1a el 31 de marzo en el Puerto de Veracruz. Alvarado, Ver.- Manteni\u00e9ndose como favorita en las preferencias electorales, la precandidata de la coalici\u00f3n \u2013Sigamos Haciendo Historia en Veracruz- a la gubernatura del estado, Roc\u00edo Nahle Garc\u00eda, cerr\u00f3 precampa\u00f1a en el Malec\u00f3n de este emblem\u00e1tico municipio costero. [&hellip;]<\/p>\n","protected":false},"author":2476,"featured_media":50525,"comment_status":"open","ping_status":"open","sticky":false,"template":"","format":"standard","meta":{"_jetpack_memberships_contains_paid_content":false,"footnotes":""},"categories":[2],"tags":[],"class_list":["post-50524","post","type-post","status-publish","format-standard","has-post-thumbnail","hentry","category-estado"],"jetpack_featured_media_url":"https:\/\/encuentroinformativo.com.mx\/wp-content\/uploads\/2024\/02\/IMG-20240212-WA0043.jpg","jetpack_sharing_enabled":true,"jetpack_likes_enabled":true,"amp_enabled":true,"_links":{"self":[{"href":"https:\/\/encuentroinformativo.com.mx\/index.php?rest_route=\/wp\/v2\/posts\/50524","targetHints":{"allow":["GET"]}}],"collection":[{"href":"https:\/\/encuentroinformativo.com.mx\/index.php?rest_route=\/wp\/v2\/posts"}],"about":[{"href":"https:\/\/encuentroinformativo.com.mx\/index.php?rest_route=\/wp\/v2\/types\/post"}],"author":[{"embeddable":true,"href":"https:\/\/encuentroinformativo.com.mx\/index.php?rest_route=\/wp\/v2\/users\/2476"}],"replies":[{"embeddable":true,"href":"https:\/\/encuentroinformativo.com.mx\/index.php?rest_route=%2Fwp%2Fv2%2Fcomments&post=50524"}],"version-history":[{"count":2,"href":"https:\/\/encuentroinformativo.com.mx\/index.php?rest_route=\/wp\/v2\/posts\/50524\/revisions"}],"predecessor-version":[{"id":50537,"href":"https:\/\/encuentroinformativo.com.mx\/index.php?rest_route=\/wp\/v2\/posts\/50524\/revisions\/50537"}],"wp:featuredmedia":[{"embeddable":true,"href":"https:\/\/encuentroinformativo.com.mx\/index.php?rest_route=\/wp\/v2\/media\/50525"}],"wp:attachment":[{"href":"https:\/\/encuentroinformativo.com.mx\/index.php?rest_route=%2Fwp%2Fv2%2Fmedia&parent=50524"}],"wp:term":[{"taxonomy":"category","embeddable":true,"href":"https:\/\/encuentroinformativo.com.mx\/index.php?rest_route=%2Fwp%2Fv2%2Fcategories&post=50524"},{"taxonomy":"post_tag","embeddable":true,"href":"https:\/\/encuentroinformativo.com.mx\/index.php?rest_route=%2Fwp%2Fv2%2Ftags&post=50524"}],"curies":[{"name":"wp","href":"https:\/\/api.w.org\/{rel}","templated":true}]}}