{"id":50527,"date":"2024-02-12T12:06:49","date_gmt":"2024-02-12T18:06:49","guid":{"rendered":"https:\/\/encuentroinformativo.com.mx\/?p=50527"},"modified":"2024-02-12T12:06:54","modified_gmt":"2024-02-12T18:06:54","slug":"reclaman-ayuda-a-las-autoridades-para-buscar-a-su-hijo-desaparecio-hace-dos-anos","status":"publish","type":"post","link":"https:\/\/encuentroinformativo.com.mx\/?p=50527","title":{"rendered":"Reclaman ayuda a las autoridades para buscar a su hijo, desapareci\u00f3 hace dos a\u00f1os"},"content":{"rendered":"\n<p><strong>Dar\u00edo Pale <\/strong><\/p>\n\n\n\n<p>Xalapa, Ver.- Padre de familia culpa a Fiscal\u00eda General del Estado (FGE) y a la Comisi\u00f3n de B\u00fasqueda de no hacer nada, van dos a\u00f1os y no hay avances por desaparici\u00f3n forzada de su hijo y no tienen ning\u00fan avance, por lo cual se manifestaron en la plaza Lerdo.<\/p>\n\n\n\n<p>Entrevistado durante la manifestaci\u00f3n el se\u00f1or On\u00e9simo Gonz\u00e1lez Gonz\u00e1lez, se\u00f1al\u00f3 que, han pasado dos a\u00f1os desde que desaparecieron Christian Iv\u00e1n Gonz\u00e1lez Rueda y Eca\u00edn Guadalupe y las investigaciones por desaparici\u00f3n forzada, no avanzan y la Comisi\u00f3n Estatal de B\u00fasqueda tampoco los ha buscado.<\/p>\n\n\n\n<p>Es por ello que este lunes, protest\u00f3 en la Plaza Lerdo, para denunciar las excusas que le dan, tales como que no hay el personal suficiente para buscarlo, que no conocen el sitio exacto de d\u00f3nde desapareci\u00f3.<\/p>\n\n\n\n<p>Sin embargo, consider\u00f3 que tanto la Fiscal\u00eda como la Comisi\u00f3n para eso est\u00e1n, para investigar y para buscar a los desaparecidos.<\/p>\n\n\n\n<p>Refiri\u00f3 que la \u00faltima ubicaci\u00f3n de Christian Iv\u00e1n fue en Cerro Gordo, mientras que la ubicaci\u00f3n del taxi que conduc\u00eda Eca\u00edn Guadalupe y que fue en el que se traslad\u00f3, fue en Playa de Vacas.<\/p>\n\n\n\n<p>Sostuvo que Karla Isla, quien en aquel momento era pareja sentimental de Christian, fue quien lo mand\u00f3 llamar, por ello la responsabiliz\u00f3 de la desaparici\u00f3n de su hijo.<\/p>\n\n\n\n<p>Lament\u00f3 que hasta ahora las autoridades no la hayan llamado a declarar, por lo cual acus\u00f3 que el fiscal encargado de la investigaci\u00f3n liber\u00f3 el taxi al mes de la desaparici\u00f3n, ya que no encontraron huellas ni de su hijo ni del chofer, incluso da servicio en esta capital.<\/p>\n\n\n\n<p>Finalmente por todo lo anterior llam\u00f3 a las autoridades a que volteen a revisar el caso de su hijo porque ya son dos a\u00f1os y lo \u00fanico que le dicen es que no tienen el lugar exacto de la desaparici\u00f3n de su hijo.<\/p>\n","protected":false},"excerpt":{"rendered":"<p>Dar\u00edo Pale Xalapa, Ver.- Padre de familia culpa a Fiscal\u00eda General del Estado (FGE) y a la Comisi\u00f3n de B\u00fasqueda de no hacer nada, van dos a\u00f1os y no hay avances por desaparici\u00f3n forzada de su hijo y no tienen ning\u00fan avance, por lo cual se manifestaron en la plaza Lerdo. Entrevistado durante la manifestaci\u00f3n [&hellip;]<\/p>\n","protected":false},"author":2476,"featured_media":50528,"comment_status":"open","ping_status":"open","sticky":false,"template":"","format":"standard","meta":{"_jetpack_memberships_contains_paid_content":false,"footnotes":""},"categories":[3],"tags":[],"class_list":["post-50527","post","type-post","status-publish","format-standard","has-post-thumbnail","hentry","category-xalapa"],"jetpack_featured_media_url":"https:\/\/encuentroinformativo.com.mx\/wp-content\/uploads\/2024\/02\/IMG-20240212-WA0014.jpg","jetpack_sharing_enabled":true,"jetpack_likes_enabled":true,"amp_enabled":true,"_links":{"self":[{"href":"https:\/\/encuentroinformativo.com.mx\/index.php?rest_route=\/wp\/v2\/posts\/50527","targetHints":{"allow":["GET"]}}],"collection":[{"href":"https:\/\/encuentroinformativo.com.mx\/index.php?rest_route=\/wp\/v2\/posts"}],"about":[{"href":"https:\/\/encuentroinformativo.com.mx\/index.php?rest_route=\/wp\/v2\/types\/post"}],"author":[{"embeddable":true,"href":"https:\/\/encuentroinformativo.com.mx\/index.php?rest_route=\/wp\/v2\/users\/2476"}],"replies":[{"embeddable":true,"href":"https:\/\/encuentroinformativo.com.mx\/index.php?rest_route=%2Fwp%2Fv2%2Fcomments&post=50527"}],"version-history":[{"count":1,"href":"https:\/\/encuentroinformativo.com.mx\/index.php?rest_route=\/wp\/v2\/posts\/50527\/revisions"}],"predecessor-version":[{"id":50529,"href":"https:\/\/encuentroinformativo.com.mx\/index.php?rest_route=\/wp\/v2\/posts\/50527\/revisions\/50529"}],"wp:featuredmedia":[{"embeddable":true,"href":"https:\/\/encuentroinformativo.com.mx\/index.php?rest_route=\/wp\/v2\/media\/50528"}],"wp:attachment":[{"href":"https:\/\/encuentroinformativo.com.mx\/index.php?rest_route=%2Fwp%2Fv2%2Fmedia&parent=50527"}],"wp:term":[{"taxonomy":"category","embeddable":true,"href":"https:\/\/encuentroinformativo.com.mx\/index.php?rest_route=%2Fwp%2Fv2%2Fcategories&post=50527"},{"taxonomy":"post_tag","embeddable":true,"href":"https:\/\/encuentroinformativo.com.mx\/index.php?rest_route=%2Fwp%2Fv2%2Ftags&post=50527"}],"curies":[{"name":"wp","href":"https:\/\/api.w.org\/{rel}","templated":true}]}}