{"id":50530,"date":"2024-02-12T12:21:48","date_gmt":"2024-02-12T18:21:48","guid":{"rendered":"https:\/\/encuentroinformativo.com.mx\/?p=50530"},"modified":"2024-02-12T12:21:54","modified_gmt":"2024-02-12T18:21:54","slug":"maestra-denuncia-robo-de-plaza-en-poza-rica","status":"publish","type":"post","link":"https:\/\/encuentroinformativo.com.mx\/?p=50530","title":{"rendered":"Maestra denuncia robo de plaza en Poza Rica"},"content":{"rendered":"\n<p><strong>Alejandro \u00c1vila<\/strong><\/p>\n\n\n\n<p>Poza Rica, Ver.- La profesora, Karla Razo, denunci\u00f3 el robo de una plaza en la Secretar\u00eda de Educaci\u00f3n de Veracruz (SEV) la cual hab\u00eda obtenido tras completar los requerimientos del concurso que emite la propia dependencia estatal.<\/p>\n\n\n\n<p>La afectada relat\u00f3 que hace una semana recibi\u00f3 una llamada donde se le asignaba una plaza temporal en el centro de trabajo 30DES0079X; es decir, la escuela secundaria &#8220;H\u00e9roes de Chapultepec&#8221;, en Coatzintla, para completar el tr\u00e1mite, deb\u00eda esperar un correo electr\u00f3nico y enviar su documentaci\u00f3n personal, situaci\u00f3n que nunca se concret\u00f3.<\/p>\n\n\n\n<p>Un d\u00eda despu\u00e9s de no obtener respuesta decidi\u00f3 contactar a V\u00edctor L\u00f3pez, supuesto encargado del \u00e1rea USICAMM, el cual le inform\u00f3 que su plaza hab\u00eda sido asignada a otra persona pues presuntamente ella se hab\u00eda negado a aceptarla, situaci\u00f3n que desminti\u00f3 en forma tajante.<\/p>\n\n\n\n<p>Karla Razo, tuvo que viajar a la ciudad de Xalapa para presentarse en las oficinas centrales y resolver el problema, sin embargo, le argumentaron la misma situaci\u00f3n, y aunque ella solicit\u00f3 pruebas donde se hab\u00eda negado a obtener la plaza y posteriormente intent\u00f3 interponer una queja, estas opciones le fueron negadas.<\/p>\n\n\n\n<p>Al denunciar la situaci\u00f3n, Raymundo Flores Flores, del departamento de Recursos Humanos de la SEV, contact\u00f3 a la docente para persuadir la de no ventilar lo sucedido, pero sin ofrecerle recuperar la plaza que por derecho le correspond\u00eda.<\/p>\n\n\n\n<p>Razo Garc\u00eda cuenta con las capturas de la llamada que recibi\u00f3 desde la SEV, con lo que comprueba que ella s\u00ed respondi\u00f3 y que tiene la intenci\u00f3n de ocupar esa plaza.<\/p>\n\n\n\n<p>&#8220;Conf\u00edo en que el gobierno rectificar\u00e1 y se me asignar\u00e1, es mi derecho, de lo contrario exijo saber a qui\u00e9n le fue asignada, porque no se vale, yo concurs\u00e9 y me la gan\u00e9\u201d.<\/p>\n\n\n\n<p>La docente se\u00f1al\u00f3 que en su visita a Xalapa pudo conocer a varios maestros de la entidad veracruzana que pasan por la misma situaci\u00f3n, y que podr\u00edan en fechas posteriores realizar una denuncia medi\u00e1tica por las irregularidades en la SEV.<\/p>\n","protected":false},"excerpt":{"rendered":"<p>Alejandro \u00c1vila Poza Rica, Ver.- La profesora, Karla Razo, denunci\u00f3 el robo de una plaza en la Secretar\u00eda de Educaci\u00f3n de Veracruz (SEV) la cual hab\u00eda obtenido tras completar los requerimientos del concurso que emite la propia dependencia estatal. La afectada relat\u00f3 que hace una semana recibi\u00f3 una llamada donde se le asignaba una plaza [&hellip;]<\/p>\n","protected":false},"author":2476,"featured_media":50531,"comment_status":"open","ping_status":"open","sticky":false,"template":"","format":"standard","meta":{"_jetpack_memberships_contains_paid_content":false,"footnotes":""},"categories":[2],"tags":[],"class_list":["post-50530","post","type-post","status-publish","format-standard","has-post-thumbnail","hentry","category-estado"],"jetpack_featured_media_url":"https:\/\/encuentroinformativo.com.mx\/wp-content\/uploads\/2024\/02\/IMG-20240212-WA0012.jpg","jetpack_sharing_enabled":true,"jetpack_likes_enabled":true,"amp_enabled":true,"_links":{"self":[{"href":"https:\/\/encuentroinformativo.com.mx\/index.php?rest_route=\/wp\/v2\/posts\/50530","targetHints":{"allow":["GET"]}}],"collection":[{"href":"https:\/\/encuentroinformativo.com.mx\/index.php?rest_route=\/wp\/v2\/posts"}],"about":[{"href":"https:\/\/encuentroinformativo.com.mx\/index.php?rest_route=\/wp\/v2\/types\/post"}],"author":[{"embeddable":true,"href":"https:\/\/encuentroinformativo.com.mx\/index.php?rest_route=\/wp\/v2\/users\/2476"}],"replies":[{"embeddable":true,"href":"https:\/\/encuentroinformativo.com.mx\/index.php?rest_route=%2Fwp%2Fv2%2Fcomments&post=50530"}],"version-history":[{"count":1,"href":"https:\/\/encuentroinformativo.com.mx\/index.php?rest_route=\/wp\/v2\/posts\/50530\/revisions"}],"predecessor-version":[{"id":50532,"href":"https:\/\/encuentroinformativo.com.mx\/index.php?rest_route=\/wp\/v2\/posts\/50530\/revisions\/50532"}],"wp:featuredmedia":[{"embeddable":true,"href":"https:\/\/encuentroinformativo.com.mx\/index.php?rest_route=\/wp\/v2\/media\/50531"}],"wp:attachment":[{"href":"https:\/\/encuentroinformativo.com.mx\/index.php?rest_route=%2Fwp%2Fv2%2Fmedia&parent=50530"}],"wp:term":[{"taxonomy":"category","embeddable":true,"href":"https:\/\/encuentroinformativo.com.mx\/index.php?rest_route=%2Fwp%2Fv2%2Fcategories&post=50530"},{"taxonomy":"post_tag","embeddable":true,"href":"https:\/\/encuentroinformativo.com.mx\/index.php?rest_route=%2Fwp%2Fv2%2Ftags&post=50530"}],"curies":[{"name":"wp","href":"https:\/\/api.w.org\/{rel}","templated":true}]}}