{"id":50533,"date":"2024-02-12T12:29:16","date_gmt":"2024-02-12T18:29:16","guid":{"rendered":"https:\/\/encuentroinformativo.com.mx\/?p=50533"},"modified":"2024-02-12T12:29:21","modified_gmt":"2024-02-12T18:29:21","slug":"tenemos-los-mejores-perfiles-segun-pvem-veracruz","status":"publish","type":"post","link":"https:\/\/encuentroinformativo.com.mx\/?p=50533","title":{"rendered":"Tenemos los mejores perfiles, seg\u00fan PVEM Veracruz"},"content":{"rendered":"\n<p><strong>Alejandro \u00c1vila<\/strong><\/p>\n\n\n\n<p>Veracruz, Ver.- El delegado nacional del Partido Verde en Veracruz, Fernando Kuri Kuri, aseguro que su Instituto Pol\u00edtico cuenta con los mejores perfiles para enfrentar el pr\u00f3ximo proceso electoral en junio del 2024.<\/p>\n\n\n\n<p>&#8220;En unidad y con trabajo superaremos los desaf\u00edos pol\u00edticos del pr\u00f3ximo proceso electoral. Tenemos las mejores mujeres para hacerles frente, as\u00ed como los mejores candidatos al senado y perfiles excepcionales para las diputaciones federales y locales&#8221;, destac\u00f3.<\/p>\n\n\n\n<p>El pasado fin de semana, en compa\u00f1\u00eda del presidente estatal, Marcelo Ruiz S\u00e1nchez, tom\u00f3 protesta a los nuevos integrantes de los Comit\u00e9s Municipales en la zona centro de la entidad veracruzana.<\/p>\n\n\n\n<p>En su discurso, Kuri Kuri destac\u00f3 el compromiso del Grupo Veracruz con el proyecto del PVEM.<\/p>\n\n\n\n<p>&#8220;Quienes integramos el Grupo Veracruz nos sumamos a las filas del Partido Verde Ecologista de M\u00e9xico, venimos a sumar y a respaldar con todo a quien ser\u00e1 la primera presidenta de M\u00e9xico, Claudia Sheinbaum&#8221;.<\/p>\n\n\n\n<p>El Delegado Nacional resalt\u00f3 el compromiso de fortalecer la estructura del partido en la entidad, reconociendo el gran trabajo de Javier Herrera Borunda y Marcelo Ruiz S\u00e1nchez.<\/p>\n\n\n\n<p>En el evento, se subray\u00f3 la diversidad de perfiles y representatividad del Grupo Veracruz, abarcando todos los municipios del estado.&nbsp;<\/p>\n\n\n\n<p>&#8220;Todos y cada uno de nosotros somos gente preparada y comprometida con el presente y el futuro del Estado. Juntos trabajaremos para que la doctora Claudia Sheinbaum sea la primera presidenta de M\u00e9xico&#8221;.<\/p>\n\n\n\n<p>Quienes tomaron protesta en este evento fueron:&nbsp;&nbsp;<\/p>\n\n\n\n<p>Cesar Sebasti\u00e1n Rojas Jim\u00e9nez como Coordinador Municipal de Activismo Pol\u00edtico en Coetzala; Aar\u00f3n Emiliano \u00c1lvarez Mu\u00f1oz como Sub-Coordinador Regional de Activismo Pol\u00edtico en Orizaba; Beatriz Hern\u00e1ndez Tequiliquihua como Delegada Municipal de Activismo Pol\u00edtico en Texhuacan; Ignacio Arturo Valencia Mej\u00eda como Delegado Distrital de Activismo Pol\u00edtico en el distrito de Zongolica; Fernando Ramos Ram\u00edrez como Coordinador Municipal de Activismo Pol\u00edtico en Tlilapan; Jaime Clemente Gin\u00e9s como Coordinador Municipal de Activismo Pol\u00edtico en Xoxocotla; Carlos Eduardo Garc\u00eda Itzacahua como Delegado Municipal de Activismo Pol\u00edtico en Tlaquilpa; V\u00edctor Manuel Ramos Brass como Delegado Distrital de Activismo Pol\u00edtico en el Distrito de Orizaba; Victor Eliuth Perez Mata como Coordinador de Activismo Pol\u00edtico en Mariano Escobedo; Jos\u00e9 Fernando Cort\u00e9z Santos como Coordinador Municipal de Asuntos Ind\u00edgenas en Rafael Delgado;&nbsp; Sara Ivette Jacinto Vega como Coordinadora Regional de Operaci\u00f3n Pol\u00edtica en la zona Centro; Marisol Rodr\u00edguez De Rosas como Sub-Coordinadora De Operaci\u00f3n Pol\u00edtica en Maltrata; Jorge Adalberto Canizalez Hern\u00e1ndez como Delegado Municipal de Activismo Pol\u00edtico en Rafael Delgado.<\/p>\n","protected":false},"excerpt":{"rendered":"<p>Alejandro \u00c1vila Veracruz, Ver.- El delegado nacional del Partido Verde en Veracruz, Fernando Kuri Kuri, aseguro que su Instituto Pol\u00edtico cuenta con los mejores perfiles para enfrentar el pr\u00f3ximo proceso electoral en junio del 2024. &#8220;En unidad y con trabajo superaremos los desaf\u00edos pol\u00edticos del pr\u00f3ximo proceso electoral. Tenemos las mejores mujeres para hacerles frente, [&hellip;]<\/p>\n","protected":false},"author":2476,"featured_media":50534,"comment_status":"open","ping_status":"open","sticky":false,"template":"","format":"standard","meta":{"_jetpack_memberships_contains_paid_content":false,"footnotes":""},"categories":[2],"tags":[],"class_list":["post-50533","post","type-post","status-publish","format-standard","has-post-thumbnail","hentry","category-estado"],"jetpack_featured_media_url":"https:\/\/encuentroinformativo.com.mx\/wp-content\/uploads\/2024\/02\/IMG-20240212-WA00702.jpg","jetpack_sharing_enabled":true,"jetpack_likes_enabled":true,"amp_enabled":true,"_links":{"self":[{"href":"https:\/\/encuentroinformativo.com.mx\/index.php?rest_route=\/wp\/v2\/posts\/50533","targetHints":{"allow":["GET"]}}],"collection":[{"href":"https:\/\/encuentroinformativo.com.mx\/index.php?rest_route=\/wp\/v2\/posts"}],"about":[{"href":"https:\/\/encuentroinformativo.com.mx\/index.php?rest_route=\/wp\/v2\/types\/post"}],"author":[{"embeddable":true,"href":"https:\/\/encuentroinformativo.com.mx\/index.php?rest_route=\/wp\/v2\/users\/2476"}],"replies":[{"embeddable":true,"href":"https:\/\/encuentroinformativo.com.mx\/index.php?rest_route=%2Fwp%2Fv2%2Fcomments&post=50533"}],"version-history":[{"count":1,"href":"https:\/\/encuentroinformativo.com.mx\/index.php?rest_route=\/wp\/v2\/posts\/50533\/revisions"}],"predecessor-version":[{"id":50535,"href":"https:\/\/encuentroinformativo.com.mx\/index.php?rest_route=\/wp\/v2\/posts\/50533\/revisions\/50535"}],"wp:featuredmedia":[{"embeddable":true,"href":"https:\/\/encuentroinformativo.com.mx\/index.php?rest_route=\/wp\/v2\/media\/50534"}],"wp:attachment":[{"href":"https:\/\/encuentroinformativo.com.mx\/index.php?rest_route=%2Fwp%2Fv2%2Fmedia&parent=50533"}],"wp:term":[{"taxonomy":"category","embeddable":true,"href":"https:\/\/encuentroinformativo.com.mx\/index.php?rest_route=%2Fwp%2Fv2%2Fcategories&post=50533"},{"taxonomy":"post_tag","embeddable":true,"href":"https:\/\/encuentroinformativo.com.mx\/index.php?rest_route=%2Fwp%2Fv2%2Ftags&post=50533"}],"curies":[{"name":"wp","href":"https:\/\/api.w.org\/{rel}","templated":true}]}}