{"id":50539,"date":"2024-02-12T12:57:30","date_gmt":"2024-02-12T18:57:30","guid":{"rendered":"https:\/\/encuentroinformativo.com.mx\/?p=50539"},"modified":"2024-02-12T12:57:35","modified_gmt":"2024-02-12T18:57:35","slug":"cafetaleros-reclaman-justicia-ante-conflicto-que-mantienen-con-empresa","status":"publish","type":"post","link":"https:\/\/encuentroinformativo.com.mx\/?p=50539","title":{"rendered":"Cafetaleros reclaman justicia ante conflicto que mantienen con empresa"},"content":{"rendered":"\n<p><strong>Dar\u00edo Pale <\/strong><\/p>\n\n\n\n<p>Xalapa, Ver.- La Comisi\u00f3n de Familiares de Acusados por AMSA-ECOM, se\u00f1alan a la Fiscal\u00eda General del Estado (FGE), de no actuar con justicia en el caso de los cafetaleros acusados por dicha empresa.<\/p>\n\n\n\n<p>En conferencia de prensa, cuestionaron los intereses que podr\u00eda tener la Fiscal\u00eda General del Estado, misma que desde hace nueve meses no ha recibido las pruebas de los acusados.<\/p>\n\n\n\n<p>Se\u00f1alaron que la instancia a cargo de Ver\u00f3nica Hern\u00e1ndez tom\u00f3 inmediatamente las pruebas por las que cinco personas fueron detenidas y siete m\u00e1s tienen \u00f3rdenes de aprehensi\u00f3n.<\/p>\n\n\n\n<p>Incluso se\u00f1alaron que la Fiscal\u00eda utiliz\u00f3 fotos de una asamblea para asegurar que los acusados estaban ordenando hacer el incendio, versi\u00f3n que habr\u00eda reforzado con 30 testimonios falsos, de los cuales 15 surgieron sin nombre.<\/p>\n\n\n\n<p>No obstante, sigue omitiendo las pruebas de los acusados que deber\u00edan llevar a que se d\u00e9 por concluido el juicio y se d\u00e9 la exoneraci\u00f3n de los acusados. Adem\u00e1s de que pretende responder a la demanda de justicia hasta el 9 de agosto, lo cual calificaron como una burla dada la urgencia del caso.<\/p>\n\n\n\n<p>Por \u00faltimo ante ello, los familiares de los acusados solicitaron que la Fiscal\u00eda acepte las pruebas, as\u00ed como la intervenci\u00f3n del Consejo de la Judicatura para que realice una investigaci\u00f3n exhaustiva.<\/p>\n","protected":false},"excerpt":{"rendered":"<p>Dar\u00edo Pale Xalapa, Ver.- La Comisi\u00f3n de Familiares de Acusados por AMSA-ECOM, se\u00f1alan a la Fiscal\u00eda General del Estado (FGE), de no actuar con justicia en el caso de los cafetaleros acusados por dicha empresa. En conferencia de prensa, cuestionaron los intereses que podr\u00eda tener la Fiscal\u00eda General del Estado, misma que desde hace nueve [&hellip;]<\/p>\n","protected":false},"author":2476,"featured_media":50540,"comment_status":"open","ping_status":"open","sticky":false,"template":"","format":"standard","meta":{"_jetpack_memberships_contains_paid_content":false,"footnotes":""},"categories":[8],"tags":[],"class_list":["post-50539","post","type-post","status-publish","format-standard","has-post-thumbnail","hentry","category-region"],"jetpack_featured_media_url":"https:\/\/encuentroinformativo.com.mx\/wp-content\/uploads\/2024\/02\/IMG-20240212-WA0077.jpg","jetpack_sharing_enabled":true,"jetpack_likes_enabled":true,"amp_enabled":true,"_links":{"self":[{"href":"https:\/\/encuentroinformativo.com.mx\/index.php?rest_route=\/wp\/v2\/posts\/50539","targetHints":{"allow":["GET"]}}],"collection":[{"href":"https:\/\/encuentroinformativo.com.mx\/index.php?rest_route=\/wp\/v2\/posts"}],"about":[{"href":"https:\/\/encuentroinformativo.com.mx\/index.php?rest_route=\/wp\/v2\/types\/post"}],"author":[{"embeddable":true,"href":"https:\/\/encuentroinformativo.com.mx\/index.php?rest_route=\/wp\/v2\/users\/2476"}],"replies":[{"embeddable":true,"href":"https:\/\/encuentroinformativo.com.mx\/index.php?rest_route=%2Fwp%2Fv2%2Fcomments&post=50539"}],"version-history":[{"count":1,"href":"https:\/\/encuentroinformativo.com.mx\/index.php?rest_route=\/wp\/v2\/posts\/50539\/revisions"}],"predecessor-version":[{"id":50541,"href":"https:\/\/encuentroinformativo.com.mx\/index.php?rest_route=\/wp\/v2\/posts\/50539\/revisions\/50541"}],"wp:featuredmedia":[{"embeddable":true,"href":"https:\/\/encuentroinformativo.com.mx\/index.php?rest_route=\/wp\/v2\/media\/50540"}],"wp:attachment":[{"href":"https:\/\/encuentroinformativo.com.mx\/index.php?rest_route=%2Fwp%2Fv2%2Fmedia&parent=50539"}],"wp:term":[{"taxonomy":"category","embeddable":true,"href":"https:\/\/encuentroinformativo.com.mx\/index.php?rest_route=%2Fwp%2Fv2%2Fcategories&post=50539"},{"taxonomy":"post_tag","embeddable":true,"href":"https:\/\/encuentroinformativo.com.mx\/index.php?rest_route=%2Fwp%2Fv2%2Ftags&post=50539"}],"curies":[{"name":"wp","href":"https:\/\/api.w.org\/{rel}","templated":true}]}}