{"id":50542,"date":"2024-02-12T13:57:57","date_gmt":"2024-02-12T19:57:57","guid":{"rendered":"https:\/\/encuentroinformativo.com.mx\/?p=50542"},"modified":"2024-02-12T13:58:03","modified_gmt":"2024-02-12T19:58:03","slug":"sos-de-las-patronas-piden-donacion-de-viveres-para-migrantes","status":"publish","type":"post","link":"https:\/\/encuentroinformativo.com.mx\/?p=50542","title":{"rendered":"SOS de Las Patronas, piden donaci\u00f3n de viveres para migrantes"},"content":{"rendered":"\n<p><strong>Alejandro \u00c1vila<\/strong><\/p>\n\n\n\n<p>Veracruz, Ver.- A trav\u00e9s de sus redes sociales oficiales, el grupo de apoyo a migrantes Las Patronas solicitaron el apoyo de la sociedad civil para recabar v\u00edveres y poder seguir brindando ayuda a los extranjeros que buscan el &#8220;sue\u00f1o americano&#8221;.<\/p>\n\n\n\n<p>A punto de cumplir 29 a\u00f1os de servicio social, las activistas han documentado el cruce de Centroamericanos por M\u00e9xico en busca de llegar a los Estados Unidos; esos primeros a\u00f1os solo brindaban apoyo alimenticio y ahora, asesor\u00edas legales, atenci\u00f3n m\u00e9dica e incluso, alojamiento.<\/p>\n\n\n\n<p><em>Desde el inicio de este 2024 proporcionamos ayuda acerca de 1200 personas, algunas en nuestro albergue y la mayor parte de paso a bordo del tren de carga conocido como La Bestia. Por tal motivo, los v\u00edveres color que cocinamos d\u00eda a d\u00eda as\u00ed como los art\u00edculos de limpieza qu\u00e9 brindamos a los migrantes d\u00eda a d\u00eda han disminuido con mayor rapidez. De tal forma que en los \u00faltimos d\u00edas hemos tenido que racionar los alimentos que ofrecemos<\/em>, menciona su comunicado.<\/p>\n\n\n\n<p>Las Patronas puntualizaron que esta situaci\u00f3n at\u00edpica se ha dado porque en un inicio solo migraban j\u00f3venes en busca de brindarles una mejor calidad de vida a sus familias al trabajar en los Estados Unidos; ahora, se\u00f1alaron el flujo de migrantes es mayor, pues cada vez se ven familias enteras intentando llegar a la frontera debido a la debacle financiera y el rezago social que hay en sus pa\u00edses de Centroam\u00e9rica.<\/p>\n\n\n\n<p>Las activistas se\u00f1alaron que las donaciones presenciales se pueden hacer en su albergue en la avenida 14 sin n\u00famero, en la localidad de Guadalupe La Patrona del municipio de Amatl\u00e1n de Los Reyes; si se trata de dep\u00f3sitos o transferencias estas se pueden realizar a la cuenta: 012855 015927 945243 de BBVA Bancomer a nombre de Julia Ram\u00edrez Rojas.<\/p>\n\n\n\n<p>Es de mencionar que las activistas recibieron en el 2023 el premio &#8220;Alfonso Garc\u00eda Robles&#8221; que otorga la UNAM, por su destacada labor en favor de los migrantes.<\/p>\n","protected":false},"excerpt":{"rendered":"<p>Alejandro \u00c1vila Veracruz, Ver.- A trav\u00e9s de sus redes sociales oficiales, el grupo de apoyo a migrantes Las Patronas solicitaron el apoyo de la sociedad civil para recabar v\u00edveres y poder seguir brindando ayuda a los extranjeros que buscan el &#8220;sue\u00f1o americano&#8221;. A punto de cumplir 29 a\u00f1os de servicio social, las activistas han documentado [&hellip;]<\/p>\n","protected":false},"author":2476,"featured_media":50543,"comment_status":"open","ping_status":"open","sticky":false,"template":"","format":"standard","meta":{"_jetpack_memberships_contains_paid_content":false,"footnotes":""},"categories":[2],"tags":[],"class_list":["post-50542","post","type-post","status-publish","format-standard","has-post-thumbnail","hentry","category-estado"],"jetpack_featured_media_url":"https:\/\/encuentroinformativo.com.mx\/wp-content\/uploads\/2024\/02\/IMG-20240212-WA0094.jpg","jetpack_sharing_enabled":true,"jetpack_likes_enabled":true,"amp_enabled":true,"_links":{"self":[{"href":"https:\/\/encuentroinformativo.com.mx\/index.php?rest_route=\/wp\/v2\/posts\/50542","targetHints":{"allow":["GET"]}}],"collection":[{"href":"https:\/\/encuentroinformativo.com.mx\/index.php?rest_route=\/wp\/v2\/posts"}],"about":[{"href":"https:\/\/encuentroinformativo.com.mx\/index.php?rest_route=\/wp\/v2\/types\/post"}],"author":[{"embeddable":true,"href":"https:\/\/encuentroinformativo.com.mx\/index.php?rest_route=\/wp\/v2\/users\/2476"}],"replies":[{"embeddable":true,"href":"https:\/\/encuentroinformativo.com.mx\/index.php?rest_route=%2Fwp%2Fv2%2Fcomments&post=50542"}],"version-history":[{"count":1,"href":"https:\/\/encuentroinformativo.com.mx\/index.php?rest_route=\/wp\/v2\/posts\/50542\/revisions"}],"predecessor-version":[{"id":50544,"href":"https:\/\/encuentroinformativo.com.mx\/index.php?rest_route=\/wp\/v2\/posts\/50542\/revisions\/50544"}],"wp:featuredmedia":[{"embeddable":true,"href":"https:\/\/encuentroinformativo.com.mx\/index.php?rest_route=\/wp\/v2\/media\/50543"}],"wp:attachment":[{"href":"https:\/\/encuentroinformativo.com.mx\/index.php?rest_route=%2Fwp%2Fv2%2Fmedia&parent=50542"}],"wp:term":[{"taxonomy":"category","embeddable":true,"href":"https:\/\/encuentroinformativo.com.mx\/index.php?rest_route=%2Fwp%2Fv2%2Fcategories&post=50542"},{"taxonomy":"post_tag","embeddable":true,"href":"https:\/\/encuentroinformativo.com.mx\/index.php?rest_route=%2Fwp%2Fv2%2Ftags&post=50542"}],"curies":[{"name":"wp","href":"https:\/\/api.w.org\/{rel}","templated":true}]}}