{"id":50557,"date":"2024-02-12T16:49:19","date_gmt":"2024-02-12T22:49:19","guid":{"rendered":"https:\/\/encuentroinformativo.com.mx\/?p=50557"},"modified":"2024-02-12T16:49:24","modified_gmt":"2024-02-12T22:49:24","slug":"vinculacion-a-proceso-no-frenara-campana-exjueza-angelica","status":"publish","type":"post","link":"https:\/\/encuentroinformativo.com.mx\/?p=50557","title":{"rendered":"Vinculaci\u00f3n a proceso no frenar\u00e1 campa\u00f1a: Exjueza Ang\u00e9lica"},"content":{"rendered":"\n<p><strong>Dar\u00edo Pale <\/strong><\/p>\n\n\n\n<p>Xalapa, Ver.- Vinculaci\u00f3n a proceso no impedir\u00e1 hacer campa\u00f1a, reiter\u00f3 que present\u00f3 denuncia por desaparici\u00f3n forzada, adem\u00e1s no le interesa regresar al Tribunal Superior de Justicia (TSJ), seguir\u00eda siendo objeto de persecuci\u00f3n, as\u00ed lo dio a conocer la exjueza del Poder Judicial de Veracruz y virtual candidata al Senado de la Rep\u00fablica por Movimiento Ciudadano, Ang\u00e9lica S\u00e1nchez.<\/p>\n\n\n\n<p>En entrevista previa a la audiencia de continuaci\u00f3n en los juzgados de Pacho Viejo, no descart\u00f3 que este lunes volvieran a vincularla a proceso, sin embargo, ello no impedir\u00e1 que pueda hacer campa\u00f1a al Senado, ya que no estar\u00e1 impedida de sus derechos pol\u00edtico-electorales, ello sucede cuando se sentencia a una persona.<\/p>\n\n\n\n<p>Expres\u00f3 que es bueno no perder esperanza, pero sin perder la realidad de las cosas, &#8220;yo s\u00e9 que ni \u00e9l (el juez Roberto Antonio Santos Maldonado), cree en esta imputaci\u00f3n que se me est\u00e1 haciendo por estos delitos, pero tendr\u00edamos que esperar a ver su criterio y cu\u00e1l va a ser la instrucci\u00f3n que va a recibir&#8221;.<\/p>\n\n\n\n<p>Ang\u00e9lica S\u00e1nchez record\u00f3 que la audiencia de este lunes es por los presuntos delitos contra la fe p\u00fablica y tr\u00e1fico de influencias.<\/p>\n\n\n\n<p>Expuso que acusarla por el delito contra la fe p\u00fablica porque no estaba presente en el penal de Ramos Arizpe (donde se encontraba detenido Itiel Palacios) y que no le const\u00f3 que estuviera el actuario, es &#8220;inveros\u00edmil&#8221;, ya que la Fiscal\u00eda est\u00e1 reconociendo que lo ten\u00eda a trav\u00e9s de videoconferencia, &#8220;es totalmente contradictorio&#8221;.<\/p>\n\n\n\n<p>En cuanto al delito de tr\u00e1fico de influencias, coment\u00f3 que ella le dijo al Juez que lo \u00fanico que hizo fue constatar que no se estaba dando cumplimiento a su resoluci\u00f3n como juzgadora, que es velar por el cumplimiento de una orden de un juez federal.<\/p>\n\n\n\n<p>La aspirante al Senado afirm\u00f3 que en este momento no habr\u00eda riesgo de que las medidas cautelares dictadas en su contra pudieran variar, s\u00f3lo se confirmar\u00edan las que dict\u00f3 el pasado mi\u00e9rcoles el juez Santos Maldonado.<\/p>\n\n\n\n<p>Es decir, tiene que acudir a firmar de manera peri\u00f3dica cada mes, tiene que dejar una garant\u00eda econ\u00f3mica de 200 mil pesos y est\u00e1 restringida para no salir del Pa\u00eds.<\/p>\n\n\n\n<p>Adelant\u00f3 que como parte de su estrategia, buscar\u00e1 el amparo contra la vinculaci\u00f3n a proceso, contra las medidas cautelares y contra la garant\u00eda econ\u00f3mica.<\/p>\n\n\n\n<p>Abund\u00f3 que este lunes el Juez deber\u00e1 dictar el t\u00e9rmino de la investigaci\u00f3n complementaria, despu\u00e9s deber\u00e1 llegar el tiempo de la audiencia intermedia, pero debe esperar a que se resuelva el amparo que interpondr\u00e1.<\/p>\n\n\n\n<p>En el caso del amparo que ya hab\u00eda interpuesto por la audiencia que se hab\u00eda celebrado anteriormente por los mismos delitos, se tiene que analizar por parte de las autoridades federales.<\/p>\n\n\n\n<p>En otro orden de ideas dio a conocer que s\u00ed present\u00f3 denuncia por desaparici\u00f3n forzada.<\/p>\n\n\n\n<p>La exjueza veracruzana recalc\u00f3 que ella fue v\u00edctima de desaparici\u00f3n forzada por parte de los elementos de la Secretar\u00eda de Seguridad P\u00fablica, el pasado 5 de junio del 2023, momento en el que fue llevada al centro de detenci\u00f3n de San Jos\u00e9, en Xalapa.<\/p>\n\n\n\n<p>Por ello, present\u00f3 denuncia ante la Fiscal\u00eda contra la Tortura en la Ciudad de M\u00e9xico por la desaparici\u00f3n forzada, adem\u00e1s interpuso queja ante la Comisi\u00f3n Nacional de Derechos Humanos.<\/p>\n\n\n\n<p>En relaci\u00f3n a los se\u00f1alamientos de que el d\u00eda de la audiencia de Itiel Palacios, se\u00f1alado de haber asesinado al diputado Juan Carlos Molina Palacios; rechaz\u00f3 que haya urgido a que fuera liberado.<\/p>\n\n\n\n<p>Record\u00f3 que la audiencia que se celebr\u00f3 de manera virtual, desde Cosamaloapan, donde fung\u00eda como jueza de Control, concluy\u00f3 alrededor de las 15:00 horas y hasta las 22:00 horas no se hab\u00eda dado cumplimiento a la resoluci\u00f3n de cumplimiento de amparo.<\/p>\n\n\n\n<p>&#8220;No lo hicieron, no le dieron la libertad a este hombre&#8221;, record\u00f3.<\/p>\n\n\n\n<p>Se\u00f1al\u00f3 que &#8220;no me interesa regresar al Poder Judicial, seguir\u00eda siendo objeto de persecuci\u00f3n&#8221;<\/p>\n\n\n\n<p>La exjuzgadora record\u00f3 que existen dos Procedimientos Especiales Sancionadores (PES) en su contra y por lo que la habr\u00edan suspendido en el Tribunal Superior de Justicia.<\/p>\n\n\n\n<p>En ese caso, revel\u00f3 que el TSJ est\u00e1 tardando en resolver ese tipo de procedimientos de uno a dos a\u00f1os.<\/p>\n\n\n\n<p>Finalmente se\u00f1al\u00f3 que, &#8220;de momento no me interesar\u00eda regresar al Tribunal la verdad, bajo las circunstancias en las que est\u00e1 y bajo esta administraci\u00f3n, porque evidentemente seguir\u00eda yo siendo objeto de persecuci\u00f3n&#8221;.<\/p>\n","protected":false},"excerpt":{"rendered":"<p>Dar\u00edo Pale Xalapa, Ver.- Vinculaci\u00f3n a proceso no impedir\u00e1 hacer campa\u00f1a, reiter\u00f3 que present\u00f3 denuncia por desaparici\u00f3n forzada, adem\u00e1s no le interesa regresar al Tribunal Superior de Justicia (TSJ), seguir\u00eda siendo objeto de persecuci\u00f3n, as\u00ed lo dio a conocer la exjueza del Poder Judicial de Veracruz y virtual candidata al Senado de la Rep\u00fablica por [&hellip;]<\/p>\n","protected":false},"author":2476,"featured_media":50558,"comment_status":"open","ping_status":"open","sticky":false,"template":"","format":"standard","meta":{"_jetpack_memberships_contains_paid_content":false,"footnotes":""},"categories":[2],"tags":[],"class_list":["post-50557","post","type-post","status-publish","format-standard","has-post-thumbnail","hentry","category-estado"],"jetpack_featured_media_url":"https:\/\/encuentroinformativo.com.mx\/wp-content\/uploads\/2024\/02\/IMG-20240212-WA0169.jpg","jetpack_sharing_enabled":true,"jetpack_likes_enabled":true,"amp_enabled":true,"_links":{"self":[{"href":"https:\/\/encuentroinformativo.com.mx\/index.php?rest_route=\/wp\/v2\/posts\/50557","targetHints":{"allow":["GET"]}}],"collection":[{"href":"https:\/\/encuentroinformativo.com.mx\/index.php?rest_route=\/wp\/v2\/posts"}],"about":[{"href":"https:\/\/encuentroinformativo.com.mx\/index.php?rest_route=\/wp\/v2\/types\/post"}],"author":[{"embeddable":true,"href":"https:\/\/encuentroinformativo.com.mx\/index.php?rest_route=\/wp\/v2\/users\/2476"}],"replies":[{"embeddable":true,"href":"https:\/\/encuentroinformativo.com.mx\/index.php?rest_route=%2Fwp%2Fv2%2Fcomments&post=50557"}],"version-history":[{"count":1,"href":"https:\/\/encuentroinformativo.com.mx\/index.php?rest_route=\/wp\/v2\/posts\/50557\/revisions"}],"predecessor-version":[{"id":50559,"href":"https:\/\/encuentroinformativo.com.mx\/index.php?rest_route=\/wp\/v2\/posts\/50557\/revisions\/50559"}],"wp:featuredmedia":[{"embeddable":true,"href":"https:\/\/encuentroinformativo.com.mx\/index.php?rest_route=\/wp\/v2\/media\/50558"}],"wp:attachment":[{"href":"https:\/\/encuentroinformativo.com.mx\/index.php?rest_route=%2Fwp%2Fv2%2Fmedia&parent=50557"}],"wp:term":[{"taxonomy":"category","embeddable":true,"href":"https:\/\/encuentroinformativo.com.mx\/index.php?rest_route=%2Fwp%2Fv2%2Fcategories&post=50557"},{"taxonomy":"post_tag","embeddable":true,"href":"https:\/\/encuentroinformativo.com.mx\/index.php?rest_route=%2Fwp%2Fv2%2Ftags&post=50557"}],"curies":[{"name":"wp","href":"https:\/\/api.w.org\/{rel}","templated":true}]}}