{"id":50560,"date":"2024-02-12T16:56:10","date_gmt":"2024-02-12T22:56:10","guid":{"rendered":"https:\/\/encuentroinformativo.com.mx\/?p=50560"},"modified":"2024-02-12T16:56:16","modified_gmt":"2024-02-12T22:56:16","slug":"colectivos-promueven-amparo-por-fallas-en-padron-de-personas-desaparecidas","status":"publish","type":"post","link":"https:\/\/encuentroinformativo.com.mx\/?p=50560","title":{"rendered":"Colectivos promueven amparo por fallas en padr\u00f3n de personas desaparecidas"},"content":{"rendered":"\n<p><strong>Juan Arcos <\/strong><\/p>\n\n\n\n<p>Xalapa, Ver.- Integrantes de colectivos de b\u00fasqueda acudieron al Tribunal del Poder Judicial de la Federaci\u00f3n, con sede en Xalapa, para presentar un amparo contra diversas autoridades por presuntamente haber \u201crasurado\u201d el padr\u00f3n de personas desaparecidas.<\/p>\n\n\n\n<p>De acuerdo con Olga Lidia Salazar, del colectivo \u201cBuscando nos encontramos\u201d, las autoridades no contemplan en dicho registro de personas desaparecidas a su hija Mari\u00f3n Ivette Sampayo Salazar, a quien se le perdi\u00f3 la pista en el municipio de Poza Rica, desde el 14 de enero de 2011.<\/p>\n\n\n\n<p>La entrevistada consider\u00f3 que pareciera no existir un registro real de las personas no localizadas, tanto en el estado de Veracruz como a nivel nacional.<\/p>\n\n\n\n<p>Mencion\u00f3 que los datos de sus familiares fueron \u201cborrados\u201d del Registro Nacional de Personas Desaparecidas y no Localizadas (RNPDN).<\/p>\n\n\n\n<p>\u201cEl amparo es porque borraron algunos datos de nuestros familiares desaparecidos en el Registro Nacional, propiamente en la Comisi\u00f3n Nacional de B\u00fasqueda, entonces o no aparecen los datos de nuestros desaparecidos o aparecen como confidencial y sabemos que para que haya una b\u00fasqueda no puede ser confidencial\u201d, se\u00f1al\u00f3.<\/p>\n\n\n\n<p>El amparo fue promovido ante el Juzgado del S\u00e9ptimo Circuito por cuatro casos similares, que integran el colectivo \u201cBuscando nos encontramos\u201d.<\/p>\n\n\n\n<p>\u201cYo creo que nada m\u00e1s en el estado de Veracruz son 40 mil desaparecidos y ni uno ha aparecido en estos d\u00edas. El Gobierno dice que es para hacerles da\u00f1o pol\u00edticamente a ellos, el tema de la desaparici\u00f3n existe y va a persistir mientras las autoridades no pongan empe\u00f1o\u201d, enfatiz\u00f3.<\/p>\n\n\n\n<p>De acuerdo con el abogado Juan Carlos Fern\u00e1ndez Zulueta, se se\u00f1ala a diversas autoridades y dependencias estatales por una presunta omisi\u00f3n en la integraci\u00f3n del padr\u00f3n correspondiente.<\/p>\n\n\n\n<p>Los familiares de desaparecidos acudieron al Tribunal del Poder Judicial de la Federaci\u00f3n, ubicado sobre el bulevar Rafael Gu\u00edzar y Valencia, mejor conocido como Arco Sur.<\/p>\n","protected":false},"excerpt":{"rendered":"<p>Juan Arcos Xalapa, Ver.- Integrantes de colectivos de b\u00fasqueda acudieron al Tribunal del Poder Judicial de la Federaci\u00f3n, con sede en Xalapa, para presentar un amparo contra diversas autoridades por presuntamente haber \u201crasurado\u201d el padr\u00f3n de personas desaparecidas. De acuerdo con Olga Lidia Salazar, del colectivo \u201cBuscando nos encontramos\u201d, las autoridades no contemplan en dicho [&hellip;]<\/p>\n","protected":false},"author":2476,"featured_media":50561,"comment_status":"open","ping_status":"open","sticky":false,"template":"","format":"standard","meta":{"_jetpack_memberships_contains_paid_content":false,"footnotes":""},"categories":[2],"tags":[],"class_list":["post-50560","post","type-post","status-publish","format-standard","has-post-thumbnail","hentry","category-estado"],"jetpack_featured_media_url":"https:\/\/encuentroinformativo.com.mx\/wp-content\/uploads\/2024\/02\/IMG_8527.jpg","jetpack_sharing_enabled":true,"jetpack_likes_enabled":true,"amp_enabled":true,"_links":{"self":[{"href":"https:\/\/encuentroinformativo.com.mx\/index.php?rest_route=\/wp\/v2\/posts\/50560","targetHints":{"allow":["GET"]}}],"collection":[{"href":"https:\/\/encuentroinformativo.com.mx\/index.php?rest_route=\/wp\/v2\/posts"}],"about":[{"href":"https:\/\/encuentroinformativo.com.mx\/index.php?rest_route=\/wp\/v2\/types\/post"}],"author":[{"embeddable":true,"href":"https:\/\/encuentroinformativo.com.mx\/index.php?rest_route=\/wp\/v2\/users\/2476"}],"replies":[{"embeddable":true,"href":"https:\/\/encuentroinformativo.com.mx\/index.php?rest_route=%2Fwp%2Fv2%2Fcomments&post=50560"}],"version-history":[{"count":1,"href":"https:\/\/encuentroinformativo.com.mx\/index.php?rest_route=\/wp\/v2\/posts\/50560\/revisions"}],"predecessor-version":[{"id":50562,"href":"https:\/\/encuentroinformativo.com.mx\/index.php?rest_route=\/wp\/v2\/posts\/50560\/revisions\/50562"}],"wp:featuredmedia":[{"embeddable":true,"href":"https:\/\/encuentroinformativo.com.mx\/index.php?rest_route=\/wp\/v2\/media\/50561"}],"wp:attachment":[{"href":"https:\/\/encuentroinformativo.com.mx\/index.php?rest_route=%2Fwp%2Fv2%2Fmedia&parent=50560"}],"wp:term":[{"taxonomy":"category","embeddable":true,"href":"https:\/\/encuentroinformativo.com.mx\/index.php?rest_route=%2Fwp%2Fv2%2Fcategories&post=50560"},{"taxonomy":"post_tag","embeddable":true,"href":"https:\/\/encuentroinformativo.com.mx\/index.php?rest_route=%2Fwp%2Fv2%2Ftags&post=50560"}],"curies":[{"name":"wp","href":"https:\/\/api.w.org\/{rel}","templated":true}]}}