{"id":50566,"date":"2024-02-12T17:57:54","date_gmt":"2024-02-12T23:57:54","guid":{"rendered":"https:\/\/encuentroinformativo.com.mx\/?p=50566"},"modified":"2024-02-12T18:12:34","modified_gmt":"2024-02-13T00:12:34","slug":"se-oponen-a-desaparicion-del-sistema-nacional-de-mejora-continua-de-la-educacion","status":"publish","type":"post","link":"https:\/\/encuentroinformativo.com.mx\/?p=50566","title":{"rendered":"Se oponen a desaparici\u00f3n del sistema Nacional de Mejora Continua de la Educaci\u00f3n"},"content":{"rendered":"\n<p><strong>Eirinet G\u00f3mez<\/strong><\/p>\n\n\n\n<p>Xalapa, Ver.- Integrantes de la junta Directiva del Comisi\u00f3n Nacional para la Mejora de la Educaci\u00f3n (Mejoredu) se pronunciaron en contra de la desaparici\u00f3n del sistema Nacional de Mejora Continua de la Educaci\u00f3n (SNMCE), as\u00ed como de su organismo coordinador Mejoredu, y transferir sus facultades y obligaciones a la Secretar\u00eda de Educaci\u00f3n P\u00fablica, tal como lo contempla una iniciativa con proyecto de decreto en materia de simplificaci\u00f3n administrativa.<\/p>\n\n\n\n<p>Junto al comisionado Florentino Castro L\u00f3pez, Oscar Del R\u00edo Serrano destac\u00f3 que Mejoredu se cre\u00f3 con la reforma educativa impulsada por el presidente Andres Manuel L\u00f3pez Obrador el 15 de mayo del 2019, \u201ccomo un organismo p\u00fablico descentralizado, no sectorizado, con autonom\u00eda t\u00e9cnica, operativa, presupuestaria, de decisi\u00f3n y gesti\u00f3n\u201d.<\/p>\n\n\n\n<p>En su pronunciamiento, explic\u00f3 que tanto la SEP como Mejoredu tienen atribuciones y funciones distintas y por lo tanto, \u201cen el supuesto de que se apruebe esta iniciativa, se corre el riesgo de que en los proceso de evaluaci\u00f3n de aprendizajes y en el dise\u00f1o y elaboraci\u00f3n de estudios e investigaciones destinados a identificar aspectos de mejora continua, se diluya la visi\u00f3n imparcial que ha caracterizado a la Comisi\u00f3n\u201d.<\/p>\n\n\n\n<p>Castro L\u00f3pez y Del R\u00edo Serrano coincidieron en que \u201cla instancia responsable de dise\u00f1ar la pol\u00edtica educativa nacional no puede ser juez y parte\u201d.<\/p>\n\n\n\n<p>En el pronunciamiento conjunto, destacaron que desde su creaci\u00f3n ha quedado de manifiesto el compromiso de todos quienes forman parte de la Comisi\u00f3n, &#8220;y esto se refleja en la calidad y solidez t\u00e9cnica de los recursos, materiales y documentos generados, los cuales son reconocidos y empleados tanto por las autoridades educativas federales y estatales, como por los colectivos docentes y la comunidad educativa en su conjunto\u201d.<\/p>\n\n\n\n<p>Los comisionados reconocieron que es el Congreso de la Uni\u00f3n quien puede decidir la vigencia de Mejoredu, pero pugnaron porque en lugar de suprimirla y pasar sus atribuciones a la SEP, \u201cla legislatura se pronuncie por fortalecerla, ya que \u201cno se puede entregar un organismo de esta naturaleza sin ponderar su relevancia en el Sistema Educativo Nacional\u201d.<\/p>\n\n\n\n<p>En su pronunciamiento, los comisionados plantearon algunas acciones relevantes, como: buscar un acuerdo con la SEP, para que en caso de que se apruebe esta iniciativa, la SEP garantice los derechos laborales del personal de Mejoredu; participar en los foros que organizar\u00e1 el Senado de la Rep\u00fablica y el parlamento abierto de la C\u00e1mara de Diputados para dar a conocer el quehacer de Mejoredu y solicitar el apoyo de los legisladores para su fortalecimiento; hacer llegar a las fracciones parlamentarias una solicitud de apoyo para Mejoredu, y durante la reuni\u00f3n nacional con autoridades educativas estatales, exponer esta situaci\u00f3n y solicitar el respaldo a la Comisi\u00f3n.<\/p>\n\n\n\n<p>\u201cMejoredu se ha enfrentado a limitaciones presupuestales y administrativas, a una diversidad de visiones ya un sinf\u00edn de obst\u00e1culos, pese a los cuales, la instituci\u00f3n ha dado cuenta de su compromiso para problematizar la realidad educativa y plantear recomendaciones y propuestas valiosas que contribuyan al desarrollo y fortalecimiento del Sistema Educativo Nacional\u201d.<\/p>\n","protected":false},"excerpt":{"rendered":"<p>Eirinet G\u00f3mez Xalapa, Ver.- Integrantes de la junta Directiva del Comisi\u00f3n Nacional para la Mejora de la Educaci\u00f3n (Mejoredu) se pronunciaron en contra de la desaparici\u00f3n del sistema Nacional de Mejora Continua de la Educaci\u00f3n (SNMCE), as\u00ed como de su organismo coordinador Mejoredu, y transferir sus facultades y obligaciones a la Secretar\u00eda de Educaci\u00f3n P\u00fablica, [&hellip;]<\/p>\n","protected":false},"author":2476,"featured_media":50568,"comment_status":"open","ping_status":"open","sticky":false,"template":"","format":"standard","meta":{"_jetpack_memberships_contains_paid_content":false,"footnotes":""},"categories":[2],"tags":[],"class_list":["post-50566","post","type-post","status-publish","format-standard","has-post-thumbnail","hentry","category-estado"],"jetpack_featured_media_url":"https:\/\/encuentroinformativo.com.mx\/wp-content\/uploads\/2024\/02\/IMG-20240212-WA01772.jpg","jetpack_sharing_enabled":true,"jetpack_likes_enabled":true,"amp_enabled":true,"_links":{"self":[{"href":"https:\/\/encuentroinformativo.com.mx\/index.php?rest_route=\/wp\/v2\/posts\/50566","targetHints":{"allow":["GET"]}}],"collection":[{"href":"https:\/\/encuentroinformativo.com.mx\/index.php?rest_route=\/wp\/v2\/posts"}],"about":[{"href":"https:\/\/encuentroinformativo.com.mx\/index.php?rest_route=\/wp\/v2\/types\/post"}],"author":[{"embeddable":true,"href":"https:\/\/encuentroinformativo.com.mx\/index.php?rest_route=\/wp\/v2\/users\/2476"}],"replies":[{"embeddable":true,"href":"https:\/\/encuentroinformativo.com.mx\/index.php?rest_route=%2Fwp%2Fv2%2Fcomments&post=50566"}],"version-history":[{"count":1,"href":"https:\/\/encuentroinformativo.com.mx\/index.php?rest_route=\/wp\/v2\/posts\/50566\/revisions"}],"predecessor-version":[{"id":50567,"href":"https:\/\/encuentroinformativo.com.mx\/index.php?rest_route=\/wp\/v2\/posts\/50566\/revisions\/50567"}],"wp:featuredmedia":[{"embeddable":true,"href":"https:\/\/encuentroinformativo.com.mx\/index.php?rest_route=\/wp\/v2\/media\/50568"}],"wp:attachment":[{"href":"https:\/\/encuentroinformativo.com.mx\/index.php?rest_route=%2Fwp%2Fv2%2Fmedia&parent=50566"}],"wp:term":[{"taxonomy":"category","embeddable":true,"href":"https:\/\/encuentroinformativo.com.mx\/index.php?rest_route=%2Fwp%2Fv2%2Fcategories&post=50566"},{"taxonomy":"post_tag","embeddable":true,"href":"https:\/\/encuentroinformativo.com.mx\/index.php?rest_route=%2Fwp%2Fv2%2Ftags&post=50566"}],"curies":[{"name":"wp","href":"https:\/\/api.w.org\/{rel}","templated":true}]}}