{"id":5058,"date":"2020-08-19T12:16:50","date_gmt":"2020-08-19T17:16:50","guid":{"rendered":"https:\/\/encuentroinformativo.com\/?p=5058"},"modified":"2020-08-19T12:16:53","modified_gmt":"2020-08-19T17:16:53","slug":"se-queja-antorcha-campesina-de-persecucion-politica","status":"publish","type":"post","link":"https:\/\/encuentroinformativo.com.mx\/?p=5058","title":{"rendered":"Se queja Antorcha Campesina de persecuci\u00f3n pol\u00edtica"},"content":{"rendered":"\n<p><strong>Juan Arcos <\/strong><\/p>\n\n\n\n<p>Xalapa, Ver.- Decenas de integrantes de Antorcha Campesina bloquearon la calle Juan de la Luz Enr\u00edquez para exigir al ayuntamiento de Xalapa que cese la \u201cpersecuci\u00f3n pol\u00edtica\u201d en su contra.<\/p>\n\n\n\n<p>En el lugar, Minerva Salcedo Baca, una de los l\u00edderes de esta organizaci\u00f3n, acus\u00f3 que el gobierno municipal present\u00f3 una denuncia en la Fiscal\u00eda General del Estado (FGE) contra pobladores de la colonia Margarita Mor\u00e1n por el presunto delito de \u201cfraccionamiento indebido\u201d.<\/p>\n\n\n\n<p>\u201cDenunciaron que hab\u00eda habido un fraccionamiento indebido, que hab\u00eda habido da\u00f1os ecol\u00f3gicos y que se les hab\u00eda despojado\u201d.<\/p>\n\n\n\n<p>Record\u00f3 que el pasado 14 de julio fue detenida una integrante de Antorcha Campesina, con domicilio en dicha colonia de esta ciudad capital.<\/p>\n\n\n\n<p>A\u00f1adi\u00f3 que existen otras dos \u00f3rdenes de aprehensi\u00f3n contra integrantes de Antorcha Campesina que habitan en esa zona.<\/p>\n\n\n\n<p>La entrevistada indic\u00f3 que el ayuntamiento se dice due\u00f1o de los terrenos en Margarita Mor\u00e1n; sin embargo, asegur\u00f3 que dicho lugar pertenec\u00eda a la Direcci\u00f3n General de Patrimonio del Estado.<\/p>\n\n\n\n<p>Posteriormente, dicha dependencia estatal otorg\u00f3 los terrenos a los integrantes de Antorcha Campesina.<\/p>\n\n\n\n<p>\u201cEn la audiencia se present\u00f3 un acuerdo del mismo cabildo donde otorg\u00f3 el cambio de uso de suelo, porque Patrimonio se lo pidi\u00f3, esos terrenos son de Patrimonio, se present\u00f3 el documento de que el terreno se le hab\u00eda asignado a los compa\u00f1eros\u201d, culmin\u00f3.<\/p>\n\n\n\n<p><\/p>\n","protected":false},"excerpt":{"rendered":"<p>Juan Arcos Xalapa, Ver.- Decenas de integrantes de Antorcha Campesina bloquearon la calle Juan de la Luz Enr\u00edquez para exigir al ayuntamiento de Xalapa que cese la \u201cpersecuci\u00f3n pol\u00edtica\u201d en su contra. En el lugar, Minerva Salcedo Baca, una de los l\u00edderes de esta organizaci\u00f3n, acus\u00f3 que el gobierno municipal present\u00f3 una denuncia en la [&hellip;]<\/p>\n","protected":false},"author":1,"featured_media":5059,"comment_status":"open","ping_status":"open","sticky":false,"template":"","format":"standard","meta":{"_jetpack_memberships_contains_paid_content":false,"footnotes":""},"categories":[3],"tags":[],"class_list":["post-5058","post","type-post","status-publish","format-standard","has-post-thumbnail","hentry","category-xalapa"],"jetpack_featured_media_url":"https:\/\/encuentroinformativo.com.mx\/wp-content\/uploads\/2020\/08\/744D95FC-364A-4665-A51B-3BE7A607C13C.jpeg","jetpack_sharing_enabled":true,"jetpack_likes_enabled":true,"amp_enabled":true,"_links":{"self":[{"href":"https:\/\/encuentroinformativo.com.mx\/index.php?rest_route=\/wp\/v2\/posts\/5058","targetHints":{"allow":["GET"]}}],"collection":[{"href":"https:\/\/encuentroinformativo.com.mx\/index.php?rest_route=\/wp\/v2\/posts"}],"about":[{"href":"https:\/\/encuentroinformativo.com.mx\/index.php?rest_route=\/wp\/v2\/types\/post"}],"author":[{"embeddable":true,"href":"https:\/\/encuentroinformativo.com.mx\/index.php?rest_route=\/wp\/v2\/users\/1"}],"replies":[{"embeddable":true,"href":"https:\/\/encuentroinformativo.com.mx\/index.php?rest_route=%2Fwp%2Fv2%2Fcomments&post=5058"}],"version-history":[{"count":1,"href":"https:\/\/encuentroinformativo.com.mx\/index.php?rest_route=\/wp\/v2\/posts\/5058\/revisions"}],"predecessor-version":[{"id":5060,"href":"https:\/\/encuentroinformativo.com.mx\/index.php?rest_route=\/wp\/v2\/posts\/5058\/revisions\/5060"}],"wp:featuredmedia":[{"embeddable":true,"href":"https:\/\/encuentroinformativo.com.mx\/index.php?rest_route=\/wp\/v2\/media\/5059"}],"wp:attachment":[{"href":"https:\/\/encuentroinformativo.com.mx\/index.php?rest_route=%2Fwp%2Fv2%2Fmedia&parent=5058"}],"wp:term":[{"taxonomy":"category","embeddable":true,"href":"https:\/\/encuentroinformativo.com.mx\/index.php?rest_route=%2Fwp%2Fv2%2Fcategories&post=5058"},{"taxonomy":"post_tag","embeddable":true,"href":"https:\/\/encuentroinformativo.com.mx\/index.php?rest_route=%2Fwp%2Fv2%2Ftags&post=5058"}],"curies":[{"name":"wp","href":"https:\/\/api.w.org\/{rel}","templated":true}]}}