{"id":50606,"date":"2024-02-13T14:00:24","date_gmt":"2024-02-13T20:00:24","guid":{"rendered":"https:\/\/encuentroinformativo.com.mx\/?p=50606"},"modified":"2024-02-13T14:00:29","modified_gmt":"2024-02-13T20:00:29","slug":"confia-ine-en-alta-participacion-en-las-urnas","status":"publish","type":"post","link":"https:\/\/encuentroinformativo.com.mx\/?p=50606","title":{"rendered":"Conf\u00eda INE en alta participaci\u00f3n en las urnas"},"content":{"rendered":"\n<p><strong>Dar\u00edo Pale <\/strong><\/p>\n\n\n\n<p>Xalapa, Ver.- El Instituto Nacional Electoral (INE), esperar\u00eda una votaci\u00f3n del 74 por ciento del padr\u00f3n de Veracruz como en 1994, as\u00ed lo dio a conocer el vocal ejecutivo de la Junta Local del INE en Veracruz, Josu\u00e9 Cervantes Mart\u00ednez.<\/p>\n\n\n\n<p>En entrevista confi\u00f3 en que en este proceso electoral se mantenga la votaci\u00f3n del 60 por ciento del padr\u00f3n electoral o incluso se logre una votaci\u00f3n del 74 por ciento, tal y como se logr\u00f3 en 1994. \u00a0<\/p>\n\n\n\n<p>\u201cYo esperar\u00eda una votaci\u00f3n m\u00e1s elevada que eso (60 por ciento), porque ha habido una efervescencia interesante en los \u00faltimos meses, mucha actividad pol\u00edtica que necesariamente llega a casa, entonces los ciudadanos est\u00e1n intercambiando puntos de vista&#8221;, se\u00f1al\u00f3.<\/p>\n\n\n\n<p>&#8220;Todo est\u00e1 involucrado en el tema electoral. Son m\u00e1s de 6 millones de personas electoras, entonces yo apostar\u00eda, no s\u00e9 si alcancemos el margen que tuvimos en el 94 que tuvimos alrededor del 74 por ciento, pero ojal\u00e1 as\u00ed fuera\u201d, agreg\u00f3.<\/p>\n\n\n\n<p>Sostuvo que el \u00f3rgano electoral federal est\u00e1 preparado para recibir al 100 por ciento, de todos aquellos que formen parte del padr\u00f3n electoral.<br>\u201cOjal\u00e1 la ciudadan\u00eda asuma ese compromiso democr\u00e1tico y acuda a votar el domingo 2 de junio a ejercer su voto\u201d, destac\u00f3.<\/p>\n\n\n\n<p>Cervantes Mart\u00ednez puntualiz\u00f3 que el padr\u00f3n electoral est\u00e1 compuesto por un poco m\u00e1s de 6 millones cien mil personas, pero todav\u00eda faltan personas por recoger su credencial para votar.\u00a0<\/p>\n\n\n\n<p>Refiri\u00f3 que en la lista nominal hay alrededor de 6 millones 50 mil, por lo que habr\u00eda una diferencia de entre 80 y 100 mil electores que en entre diciembre y enero tramitaron su credencial, pero falta que la recojan, lo cual va a ocurrir hasta el pr\u00f3ximo 14 de marzo, fecha l\u00edmite para recoger su documento oficial.\u00a0<\/p>\n\n\n\n<p>Finalmente se\u00f1al\u00f3 que, ser\u00e1 despu\u00e9s del 14 de marzo cuando se pueda cerrar el padr\u00f3n definitivo y conocer con cu\u00e1ntas personas podr\u00e1n ir a la elecci\u00f3n.<\/p>\n","protected":false},"excerpt":{"rendered":"<p>Dar\u00edo Pale Xalapa, Ver.- El Instituto Nacional Electoral (INE), esperar\u00eda una votaci\u00f3n del 74 por ciento del padr\u00f3n de Veracruz como en 1994, as\u00ed lo dio a conocer el vocal ejecutivo de la Junta Local del INE en Veracruz, Josu\u00e9 Cervantes Mart\u00ednez. En entrevista confi\u00f3 en que en este proceso electoral se mantenga la votaci\u00f3n [&hellip;]<\/p>\n","protected":false},"author":2476,"featured_media":50607,"comment_status":"open","ping_status":"open","sticky":false,"template":"","format":"standard","meta":{"_jetpack_memberships_contains_paid_content":false,"footnotes":""},"categories":[2],"tags":[],"class_list":["post-50606","post","type-post","status-publish","format-standard","has-post-thumbnail","hentry","category-estado"],"jetpack_featured_media_url":"https:\/\/encuentroinformativo.com.mx\/wp-content\/uploads\/2024\/02\/IMG-20240213-WA0064.jpg","jetpack_sharing_enabled":true,"jetpack_likes_enabled":true,"amp_enabled":true,"_links":{"self":[{"href":"https:\/\/encuentroinformativo.com.mx\/index.php?rest_route=\/wp\/v2\/posts\/50606","targetHints":{"allow":["GET"]}}],"collection":[{"href":"https:\/\/encuentroinformativo.com.mx\/index.php?rest_route=\/wp\/v2\/posts"}],"about":[{"href":"https:\/\/encuentroinformativo.com.mx\/index.php?rest_route=\/wp\/v2\/types\/post"}],"author":[{"embeddable":true,"href":"https:\/\/encuentroinformativo.com.mx\/index.php?rest_route=\/wp\/v2\/users\/2476"}],"replies":[{"embeddable":true,"href":"https:\/\/encuentroinformativo.com.mx\/index.php?rest_route=%2Fwp%2Fv2%2Fcomments&post=50606"}],"version-history":[{"count":1,"href":"https:\/\/encuentroinformativo.com.mx\/index.php?rest_route=\/wp\/v2\/posts\/50606\/revisions"}],"predecessor-version":[{"id":50608,"href":"https:\/\/encuentroinformativo.com.mx\/index.php?rest_route=\/wp\/v2\/posts\/50606\/revisions\/50608"}],"wp:featuredmedia":[{"embeddable":true,"href":"https:\/\/encuentroinformativo.com.mx\/index.php?rest_route=\/wp\/v2\/media\/50607"}],"wp:attachment":[{"href":"https:\/\/encuentroinformativo.com.mx\/index.php?rest_route=%2Fwp%2Fv2%2Fmedia&parent=50606"}],"wp:term":[{"taxonomy":"category","embeddable":true,"href":"https:\/\/encuentroinformativo.com.mx\/index.php?rest_route=%2Fwp%2Fv2%2Fcategories&post=50606"},{"taxonomy":"post_tag","embeddable":true,"href":"https:\/\/encuentroinformativo.com.mx\/index.php?rest_route=%2Fwp%2Fv2%2Ftags&post=50606"}],"curies":[{"name":"wp","href":"https:\/\/api.w.org\/{rel}","templated":true}]}}