{"id":50620,"date":"2024-02-14T11:02:20","date_gmt":"2024-02-14T17:02:20","guid":{"rendered":"https:\/\/encuentroinformativo.com.mx\/?p=50620"},"modified":"2024-02-14T11:02:30","modified_gmt":"2024-02-14T17:02:30","slug":"morena-revienta-sesion-donde-se-garantizaria-derechos-laborales-de-policias-senador","status":"publish","type":"post","link":"https:\/\/encuentroinformativo.com.mx\/?p=50620","title":{"rendered":"Morena revienta sesi\u00f3n donde se garantizar\u00eda derechos laborales de polic\u00edas: Senador"},"content":{"rendered":"\n<p><strong>Alejandro \u00c1vila<\/strong><\/p>\n\n\n\n<p>Veracruz, Ver.- Alegando falta de quorum, los representantes de Morena en el Senado de la Rep\u00fablica reventaron la sesi\u00f3n donde se reformar\u00eda la ley para garantizar los derechos laborales de los polic\u00edas, acus\u00f3 Julen Rementer\u00eda del Puerto, coordinador del Grupo Parlamentario del PAN.<\/p>\n\n\n\n<p>\u201cAvisaron que no hab\u00eda qu\u00f3rum y lo iban a romper, claramente esto va en contra de todo ese discurso de ayudar a la gente, porque estamos hablando de un derecho para que los polic\u00edas del pa\u00eds puedan tener, en caso de ser suspendidos injustamente, puedan ser reinstalados, y la gente de Morena y sus aliados no permitieron esta votaci\u00f3n\u201d, se\u00f1al\u00f3.<\/p>\n\n\n\n<p>Rementer\u00eda del Puerto, destac\u00f3 que no hay compromiso por parte de este gobierno con la seguridad de la naci\u00f3n ante el vac\u00edo que hizo Morena durante la discusi\u00f3n del decreto por el que se reforma el art\u00edculo 123 de la Constituci\u00f3n, donde se busca proteger los derechos laborales de polic\u00edas.&nbsp;<\/p>\n\n\n\n<p>\u201cDesde el 2020 se present\u00f3 una iniciativa para poder, proteger a las personas que trabajan como servidores p\u00fablicos y que son, precisamente los agentes del Ministerio P\u00fablico, los peritos y en las instituciones de polic\u00eda de la Federaci\u00f3n, y de los municipios, y vamos casi a cumplir, en un par de meses, un a\u00f1o, se dictamin\u00f3 a favor por dos comisiones; se vot\u00f3 de manera un\u00e1nime a favor esa propuesta, que lo \u00fanico que hace es la mejora de todos estos servidores p\u00fablicos para que no sean atropellados en sus derechos cuando son sancionados y ganan porque injustamente los sancionaron, no sean, simplemente eliminados de su fuente de trabajo y que en todo caso pueda resarcirse el tiempo que estuvieron fuera y se le pague lo que se le tiene que pagar\u201d, explic\u00f3.<\/p>\n\n\n\n<p>El legislador panista inst\u00f3 que qued\u00f3 comprobado que para este gobierno no son prioridad los derechos laborales de los polic\u00edas, y por eso decidieron reventar la sesi\u00f3n de este martes para no discutir el dictamen que buscaba garantizar los derechos laborales de dichos servidores p\u00fablicos.<\/p>\n\n\n\n<p>\u201cParece que est\u00e1n en contra de los cuerpos de seguridad p\u00fablica del pa\u00eds, estatales y municipales, porque esta situaci\u00f3n que se da, deja a los polic\u00edas en una condici\u00f3n de vulnerabilidad y con ello la seguridad del pa\u00eds, y marca de qu\u00e9 est\u00e1n hechos en Morena, que muestran una cosa en el decir y otra cosa en el hacer, incongruencia pura y vil del oficialismo en este asunto tan importante para la Rep\u00fablica\u201d, concluy\u00f3.<\/p>\n","protected":false},"excerpt":{"rendered":"<p>Alejandro \u00c1vila Veracruz, Ver.- Alegando falta de quorum, los representantes de Morena en el Senado de la Rep\u00fablica reventaron la sesi\u00f3n donde se reformar\u00eda la ley para garantizar los derechos laborales de los polic\u00edas, acus\u00f3 Julen Rementer\u00eda del Puerto, coordinador del Grupo Parlamentario del PAN. \u201cAvisaron que no hab\u00eda qu\u00f3rum y lo iban a romper, [&hellip;]<\/p>\n","protected":false},"author":2476,"featured_media":50621,"comment_status":"open","ping_status":"open","sticky":false,"template":"","format":"standard","meta":{"_jetpack_memberships_contains_paid_content":false,"footnotes":""},"categories":[12],"tags":[],"class_list":["post-50620","post","type-post","status-publish","format-standard","has-post-thumbnail","hentry","category-nacional"],"jetpack_featured_media_url":"https:\/\/encuentroinformativo.com.mx\/wp-content\/uploads\/2024\/02\/IMG-20240214-WA0028.jpg","jetpack_sharing_enabled":true,"jetpack_likes_enabled":true,"amp_enabled":true,"_links":{"self":[{"href":"https:\/\/encuentroinformativo.com.mx\/index.php?rest_route=\/wp\/v2\/posts\/50620","targetHints":{"allow":["GET"]}}],"collection":[{"href":"https:\/\/encuentroinformativo.com.mx\/index.php?rest_route=\/wp\/v2\/posts"}],"about":[{"href":"https:\/\/encuentroinformativo.com.mx\/index.php?rest_route=\/wp\/v2\/types\/post"}],"author":[{"embeddable":true,"href":"https:\/\/encuentroinformativo.com.mx\/index.php?rest_route=\/wp\/v2\/users\/2476"}],"replies":[{"embeddable":true,"href":"https:\/\/encuentroinformativo.com.mx\/index.php?rest_route=%2Fwp%2Fv2%2Fcomments&post=50620"}],"version-history":[{"count":1,"href":"https:\/\/encuentroinformativo.com.mx\/index.php?rest_route=\/wp\/v2\/posts\/50620\/revisions"}],"predecessor-version":[{"id":50622,"href":"https:\/\/encuentroinformativo.com.mx\/index.php?rest_route=\/wp\/v2\/posts\/50620\/revisions\/50622"}],"wp:featuredmedia":[{"embeddable":true,"href":"https:\/\/encuentroinformativo.com.mx\/index.php?rest_route=\/wp\/v2\/media\/50621"}],"wp:attachment":[{"href":"https:\/\/encuentroinformativo.com.mx\/index.php?rest_route=%2Fwp%2Fv2%2Fmedia&parent=50620"}],"wp:term":[{"taxonomy":"category","embeddable":true,"href":"https:\/\/encuentroinformativo.com.mx\/index.php?rest_route=%2Fwp%2Fv2%2Fcategories&post=50620"},{"taxonomy":"post_tag","embeddable":true,"href":"https:\/\/encuentroinformativo.com.mx\/index.php?rest_route=%2Fwp%2Fv2%2Ftags&post=50620"}],"curies":[{"name":"wp","href":"https:\/\/api.w.org\/{rel}","templated":true}]}}