{"id":50626,"date":"2024-02-14T11:24:48","date_gmt":"2024-02-14T17:24:48","guid":{"rendered":"https:\/\/encuentroinformativo.com.mx\/?p=50626"},"modified":"2024-02-14T11:24:53","modified_gmt":"2024-02-14T17:24:53","slug":"ex-ferrocarrileros-reclaman-indemnizacion-realizan-bloqueos","status":"publish","type":"post","link":"https:\/\/encuentroinformativo.com.mx\/?p=50626","title":{"rendered":"Ex ferrocarrileros reclaman indemnizaci\u00f3n, realizan bloqueos"},"content":{"rendered":"\n<p><strong>Dar\u00edo Pale <\/strong><\/p>\n\n\n\n<p>Xalapa, Ver.- Exferrocarrileros exigen a AMLO indemnizaciones que prometi\u00f3, por lo cual bloquean la calle Enr\u00edquez para pedir la intervenci\u00f3n del gobernador Cuitl\u00e1huac Garc\u00eda Jim\u00e9nez, as\u00ed lo dio a conocer Jes\u00fas Morales Morales, representante de la Secci\u00f3n 12 de Veracruz del Frente Ferrocarrilero de Reconstrucci\u00f3n Sindical.<\/p>\n\n\n\n<p>En entrevista el integrante del frente dio a conocer que cerraron la calle Enr\u00edquez, para exigir la indemnizaci\u00f3n a los extrabajadores de Ferrocarriles Nacionales de M\u00e9xico (Ferronales), afectados por la privatizaci\u00f3n de los trenes de carga y pasajeros en el sexenio de Ernesto Zedillo.<\/p>\n\n\n\n<p>Record\u00f3 que el presidente Andr\u00e9s Manuel L\u00f3pez Obrador les ofreci\u00f3 a los exferrocarrileros un Proyecto de Justicia Social para ellos.<\/p>\n\n\n\n<p>Coment\u00f3 que con el exsecretario de Gobernaci\u00f3n, Ad\u00e1n Augusto L\u00f3pez Hern\u00e1ndez, las cosas iban por buen camino, pero a la llegada de la nueva titular, Luisa Mar\u00eda Alcalde &#8220;todo se fue abajo&#8221;.<\/p>\n\n\n\n<p>Refiri\u00f3 que el pasado 27 de enero fueron citados en la Ciudad de M\u00e9xico, llegando ah\u00ed les dijeron que no hab\u00eda dinero, cuando el Presidente presume que hay 9 billones de pesos para las indemnizaciones.<\/p>\n\n\n\n<p>&#8220;Queremos justicia social, el Presidente dijo que era v\u00e1lido, queremos que se pague todo. A los mineros, a los electricistas, a los del Seguro Social (ya los liquidaron), nosotros manejamos trenes, entonces no es justo, tenemos m\u00e1s de 20 a\u00f1os esperando y el Presidente dijo que se cumplir\u00eda.<\/p>\n\n\n\n<p>Todo mundo ha evadido a los ferrocarrileros y nosotros somos los que movimos a M\u00e9xico, que cuidamos a M\u00e9xico, revolucionamos a nuestros antepasados&#8221;, record\u00f3 Jes\u00fas Pedro Cruzado Hern\u00e1ndez.<\/p>\n\n\n\n<p>Finalmente, pidi\u00f3 la intervenci\u00f3n del gobernador Cuitl\u00e1huac Garc\u00eda Jim\u00e9nez porque muchos est\u00e1n muriendo y no llega esa justicia que tanto que les prometieron.<\/p>\n","protected":false},"excerpt":{"rendered":"<p>Dar\u00edo Pale Xalapa, Ver.- Exferrocarrileros exigen a AMLO indemnizaciones que prometi\u00f3, por lo cual bloquean la calle Enr\u00edquez para pedir la intervenci\u00f3n del gobernador Cuitl\u00e1huac Garc\u00eda Jim\u00e9nez, as\u00ed lo dio a conocer Jes\u00fas Morales Morales, representante de la Secci\u00f3n 12 de Veracruz del Frente Ferrocarrilero de Reconstrucci\u00f3n Sindical. En entrevista el integrante del frente dio [&hellip;]<\/p>\n","protected":false},"author":2476,"featured_media":50627,"comment_status":"open","ping_status":"open","sticky":false,"template":"","format":"standard","meta":{"_jetpack_memberships_contains_paid_content":false,"footnotes":""},"categories":[3],"tags":[],"class_list":["post-50626","post","type-post","status-publish","format-standard","has-post-thumbnail","hentry","category-xalapa"],"jetpack_featured_media_url":"https:\/\/encuentroinformativo.com.mx\/wp-content\/uploads\/2024\/02\/IMG-20240214-WA00452.jpg","jetpack_sharing_enabled":true,"jetpack_likes_enabled":true,"amp_enabled":true,"_links":{"self":[{"href":"https:\/\/encuentroinformativo.com.mx\/index.php?rest_route=\/wp\/v2\/posts\/50626","targetHints":{"allow":["GET"]}}],"collection":[{"href":"https:\/\/encuentroinformativo.com.mx\/index.php?rest_route=\/wp\/v2\/posts"}],"about":[{"href":"https:\/\/encuentroinformativo.com.mx\/index.php?rest_route=\/wp\/v2\/types\/post"}],"author":[{"embeddable":true,"href":"https:\/\/encuentroinformativo.com.mx\/index.php?rest_route=\/wp\/v2\/users\/2476"}],"replies":[{"embeddable":true,"href":"https:\/\/encuentroinformativo.com.mx\/index.php?rest_route=%2Fwp%2Fv2%2Fcomments&post=50626"}],"version-history":[{"count":1,"href":"https:\/\/encuentroinformativo.com.mx\/index.php?rest_route=\/wp\/v2\/posts\/50626\/revisions"}],"predecessor-version":[{"id":50628,"href":"https:\/\/encuentroinformativo.com.mx\/index.php?rest_route=\/wp\/v2\/posts\/50626\/revisions\/50628"}],"wp:featuredmedia":[{"embeddable":true,"href":"https:\/\/encuentroinformativo.com.mx\/index.php?rest_route=\/wp\/v2\/media\/50627"}],"wp:attachment":[{"href":"https:\/\/encuentroinformativo.com.mx\/index.php?rest_route=%2Fwp%2Fv2%2Fmedia&parent=50626"}],"wp:term":[{"taxonomy":"category","embeddable":true,"href":"https:\/\/encuentroinformativo.com.mx\/index.php?rest_route=%2Fwp%2Fv2%2Fcategories&post=50626"},{"taxonomy":"post_tag","embeddable":true,"href":"https:\/\/encuentroinformativo.com.mx\/index.php?rest_route=%2Fwp%2Fv2%2Ftags&post=50626"}],"curies":[{"name":"wp","href":"https:\/\/api.w.org\/{rel}","templated":true}]}}