{"id":50629,"date":"2024-02-14T11:33:23","date_gmt":"2024-02-14T17:33:23","guid":{"rendered":"https:\/\/encuentroinformativo.com.mx\/?p=50629"},"modified":"2024-02-14T11:33:28","modified_gmt":"2024-02-14T17:33:28","slug":"reconoce-ssp-excelencia-academica-de-49-egresados-de-diferentes-programas-de-estudio","status":"publish","type":"post","link":"https:\/\/encuentroinformativo.com.mx\/?p=50629","title":{"rendered":"Reconoce SSP excelencia acad\u00e9mica de 49 egresados de diferentes programas de estudio"},"content":{"rendered":"\n<p>Xalapa, Ver.- En congruencia con el compromiso del Gobierno de Veracruz de priorizar la profesionalizaci\u00f3n de los cuerpos de seguridad p\u00fablica, la Secretar\u00eda de Seguridad P\u00fablica llev\u00f3 a cabo una destacada ceremonia de reconocimiento, entregando certificados y actas de grado a 49 egresados de diversos programas de estudio.<\/p>\n\n\n\n<p>En un acto celebrado en el Instituto de Formaci\u00f3n Policial: Centro de Estudios e Investigaci\u00f3n en Seguridad (CEIS), se reconoci\u00f3 el arduo trabajo y dedicaci\u00f3n de estos profesionales, quienes han completado con \u00e9xito diferentes niveles de formaci\u00f3n acad\u00e9mica en el campo de la seguridad p\u00fablica.<\/p>\n\n\n\n<p>Entre los logros destacados, 31 egresados recibieron certificados por haber superado el Examen Global de Conocimientos para la Acreditaci\u00f3n por Competencias como T\u00e9cnico Superior Universitario en Seguridad P\u00fablica, con posibilidad de escalabilidad a la Licenciatura en Seguridad P\u00fablica.<\/p>\n\n\n\n<p>Adem\u00e1s, 11 egresados se graduaron como Licenciados en Seguridad P\u00fablica, 5 obtuvieron el t\u00edtulo de Maestr\u00eda en Administraci\u00f3n de la Seguridad P\u00fablica y 2 culminaron exitosamente el Doctorado en Ciencias de la Seguridad P\u00fablica.<\/p>\n\n\n\n<p>Durante la ceremonia, los graduados tomaron protesta ante los miembros del Jurado Dictaminador, comprometi\u00e9ndose solemnemente a ejercer con profesionalismo y \u00e9tica, velando por el prestigio de su profesi\u00f3n y del centro de formaci\u00f3n CEIS.<\/p>\n\n\n\n<p>Estos nuevos egresados representan una generaci\u00f3n de profesionales altamente capacitados y comprometidos con la seguridad de las comunidades veracruzanas. A lo largo de su formaci\u00f3n, adquirieron habilidades integrales en \u00e1reas como prevenci\u00f3n del delito, gesti\u00f3n de crisis, pol\u00edticas de seguridad y legislaci\u00f3n e investigaci\u00f3n criminal, lo que les capacita para tomar decisiones efectivas en situaciones diversas que puedan enfrentar en el ejercicio de sus funciones.<\/p>\n","protected":false},"excerpt":{"rendered":"<p>Xalapa, Ver.- En congruencia con el compromiso del Gobierno de Veracruz de priorizar la profesionalizaci\u00f3n de los cuerpos de seguridad p\u00fablica, la Secretar\u00eda de Seguridad P\u00fablica llev\u00f3 a cabo una destacada ceremonia de reconocimiento, entregando certificados y actas de grado a 49 egresados de diversos programas de estudio. En un acto celebrado en el Instituto [&hellip;]<\/p>\n","protected":false},"author":2476,"featured_media":50630,"comment_status":"open","ping_status":"open","sticky":false,"template":"","format":"standard","meta":{"_jetpack_memberships_contains_paid_content":false,"footnotes":""},"categories":[2],"tags":[],"class_list":["post-50629","post","type-post","status-publish","format-standard","has-post-thumbnail","hentry","category-estado"],"jetpack_featured_media_url":"https:\/\/encuentroinformativo.com.mx\/wp-content\/uploads\/2024\/02\/IMG-20240214-WA0050.jpg","jetpack_sharing_enabled":true,"jetpack_likes_enabled":true,"amp_enabled":true,"_links":{"self":[{"href":"https:\/\/encuentroinformativo.com.mx\/index.php?rest_route=\/wp\/v2\/posts\/50629","targetHints":{"allow":["GET"]}}],"collection":[{"href":"https:\/\/encuentroinformativo.com.mx\/index.php?rest_route=\/wp\/v2\/posts"}],"about":[{"href":"https:\/\/encuentroinformativo.com.mx\/index.php?rest_route=\/wp\/v2\/types\/post"}],"author":[{"embeddable":true,"href":"https:\/\/encuentroinformativo.com.mx\/index.php?rest_route=\/wp\/v2\/users\/2476"}],"replies":[{"embeddable":true,"href":"https:\/\/encuentroinformativo.com.mx\/index.php?rest_route=%2Fwp%2Fv2%2Fcomments&post=50629"}],"version-history":[{"count":1,"href":"https:\/\/encuentroinformativo.com.mx\/index.php?rest_route=\/wp\/v2\/posts\/50629\/revisions"}],"predecessor-version":[{"id":50631,"href":"https:\/\/encuentroinformativo.com.mx\/index.php?rest_route=\/wp\/v2\/posts\/50629\/revisions\/50631"}],"wp:featuredmedia":[{"embeddable":true,"href":"https:\/\/encuentroinformativo.com.mx\/index.php?rest_route=\/wp\/v2\/media\/50630"}],"wp:attachment":[{"href":"https:\/\/encuentroinformativo.com.mx\/index.php?rest_route=%2Fwp%2Fv2%2Fmedia&parent=50629"}],"wp:term":[{"taxonomy":"category","embeddable":true,"href":"https:\/\/encuentroinformativo.com.mx\/index.php?rest_route=%2Fwp%2Fv2%2Fcategories&post=50629"},{"taxonomy":"post_tag","embeddable":true,"href":"https:\/\/encuentroinformativo.com.mx\/index.php?rest_route=%2Fwp%2Fv2%2Ftags&post=50629"}],"curies":[{"name":"wp","href":"https:\/\/api.w.org\/{rel}","templated":true}]}}