{"id":50635,"date":"2024-02-14T13:15:23","date_gmt":"2024-02-14T19:15:23","guid":{"rendered":"https:\/\/encuentroinformativo.com.mx\/?p=50635"},"modified":"2024-02-14T13:15:29","modified_gmt":"2024-02-14T19:15:29","slug":"caen-dos-integrantes-del-grupo-los-tercios-en-poza-rica","status":"publish","type":"post","link":"https:\/\/encuentroinformativo.com.mx\/?p=50635","title":{"rendered":"Caen dos integrantes del grupo \u201cLos Tercios\u201d en Poza Rica"},"content":{"rendered":"\n<p><strong>*Les aseguraron durante la detenci\u00f3n dosis de droga y cartulinas con mensajes alusivos a la delincuencia organizada.<\/strong><\/p>\n\n\n\n<p>Xalapa, Ver.- Como resultado de un esfuerzo coordinado y en el marco de reforzamiento preventivo en la zona norte, elementos de la Secretar\u00eda de Seguridad P\u00fablica (SSP), a trav\u00e9s de Polic\u00eda Estatal capturaron a dos generadores de violencia por delitos contra las instituciones y la salud.<\/p>\n\n\n\n<p>Fuerzas del orden realizaban recorridos en el boulevard Adolfo Ruiz Cortines de la colonia Santa Emilia de Poza Rica, en coordinaci\u00f3n con Polic\u00eda Vial, cuando observaron a dos individuos en actitud sospechosa a bordo de un veh\u00edculo Nissan Tsuru, placas A040XCR, en su modalidad de taxi.<\/p>\n\n\n\n<p>Inmediatamente, los efectivos le marcaron el alto a los tripulantes, fue en ese momento que uno de ellos intent\u00f3 agredir a los elementos usando una navaja.<\/p>\n\n\n\n<p>Acto seguido, fueron aprehendidos Carlos Uriel \u201cN\u201d y Cesar Iv\u00e1n \u201cN\u201d y les aseguraron 90 dosis de una sustancia parecida al cristal, 1.560 kilogramos de hierba verde parecida a la marihuana, 13 bolsitas con la misma hierba, una navaja y una cartulina con un mensaje amenazante<\/p>\n\n\n\n<p>Cabe se\u00f1alar que ambos dijeron formar parte del grupo delictivo, \u201cLos Tercios\u201d, por lo que ambos quedaron a disposici\u00f3n de la autoridad correspondiente, para los tr\u00e1mites de ley.<\/p>\n","protected":false},"excerpt":{"rendered":"<p>*Les aseguraron durante la detenci\u00f3n dosis de droga y cartulinas con mensajes alusivos a la delincuencia organizada. Xalapa, Ver.- Como resultado de un esfuerzo coordinado y en el marco de reforzamiento preventivo en la zona norte, elementos de la Secretar\u00eda de Seguridad P\u00fablica (SSP), a trav\u00e9s de Polic\u00eda Estatal capturaron a dos generadores de violencia [&hellip;]<\/p>\n","protected":false},"author":2476,"featured_media":50636,"comment_status":"open","ping_status":"open","sticky":false,"template":"","format":"standard","meta":{"_jetpack_memberships_contains_paid_content":false,"footnotes":""},"categories":[14],"tags":[],"class_list":["post-50635","post","type-post","status-publish","format-standard","has-post-thumbnail","hentry","category-policiaca"],"jetpack_featured_media_url":"https:\/\/encuentroinformativo.com.mx\/wp-content\/uploads\/2024\/02\/IMG-20240214-WA0061.jpg","jetpack_sharing_enabled":true,"jetpack_likes_enabled":true,"amp_enabled":true,"_links":{"self":[{"href":"https:\/\/encuentroinformativo.com.mx\/index.php?rest_route=\/wp\/v2\/posts\/50635","targetHints":{"allow":["GET"]}}],"collection":[{"href":"https:\/\/encuentroinformativo.com.mx\/index.php?rest_route=\/wp\/v2\/posts"}],"about":[{"href":"https:\/\/encuentroinformativo.com.mx\/index.php?rest_route=\/wp\/v2\/types\/post"}],"author":[{"embeddable":true,"href":"https:\/\/encuentroinformativo.com.mx\/index.php?rest_route=\/wp\/v2\/users\/2476"}],"replies":[{"embeddable":true,"href":"https:\/\/encuentroinformativo.com.mx\/index.php?rest_route=%2Fwp%2Fv2%2Fcomments&post=50635"}],"version-history":[{"count":1,"href":"https:\/\/encuentroinformativo.com.mx\/index.php?rest_route=\/wp\/v2\/posts\/50635\/revisions"}],"predecessor-version":[{"id":50637,"href":"https:\/\/encuentroinformativo.com.mx\/index.php?rest_route=\/wp\/v2\/posts\/50635\/revisions\/50637"}],"wp:featuredmedia":[{"embeddable":true,"href":"https:\/\/encuentroinformativo.com.mx\/index.php?rest_route=\/wp\/v2\/media\/50636"}],"wp:attachment":[{"href":"https:\/\/encuentroinformativo.com.mx\/index.php?rest_route=%2Fwp%2Fv2%2Fmedia&parent=50635"}],"wp:term":[{"taxonomy":"category","embeddable":true,"href":"https:\/\/encuentroinformativo.com.mx\/index.php?rest_route=%2Fwp%2Fv2%2Fcategories&post=50635"},{"taxonomy":"post_tag","embeddable":true,"href":"https:\/\/encuentroinformativo.com.mx\/index.php?rest_route=%2Fwp%2Fv2%2Ftags&post=50635"}],"curies":[{"name":"wp","href":"https:\/\/api.w.org\/{rel}","templated":true}]}}