{"id":50643,"date":"2024-02-14T13:34:33","date_gmt":"2024-02-14T19:34:33","guid":{"rendered":"https:\/\/encuentroinformativo.com.mx\/?p=50643"},"modified":"2024-02-14T13:34:40","modified_gmt":"2024-02-14T19:34:40","slug":"lanza-ivai-concurso-de-dibujo-infantil-yo-me-cuido-yo-respeto-yo-no-publico-datos-personales","status":"publish","type":"post","link":"https:\/\/encuentroinformativo.com.mx\/?p=50643","title":{"rendered":"Lanza IVAI concurso de dibujo infantil: \u201cYo me cuido, yo respeto, yo no publico datos personales&#8221;"},"content":{"rendered":"\n<p>*<strong>Se busca promover la conciencia sobre la seguridad de los datos personales y la importancia de un uso responsable en l\u00ednea.<\/strong><\/p>\n\n\n\n<p>Xalapa, Ver.- El Instituto Veracruzano de Acceso a la Informaci\u00f3n y Protecci\u00f3n de Datos Personales (IVAI) anuncia el lanzamiento del Concurso de Dibujo Infantil y Juvenil bajo el lema \u201cYo me cuido, yo respeto, yo no publico datos personales\u201d. Este evento tiene como objetivo fomentar la conciencia entre ni\u00f1os y j\u00f3venes sobre la importancia de proteger su privacidad en el entorno digital.<\/p>\n\n\n\n<p>El concurso est\u00e1 abierto a ni\u00f1as, ni\u00f1os y j\u00f3venes residentes en el estado de Veracruz, con edades comprendidas entre 6 y 17 a\u00f1os, mismos que est\u00e1n invitados a participar y expresar su creatividad a trav\u00e9s del arte.<\/p>\n\n\n\n<p>Los interesados pueden enviar sus dibujos a trav\u00e9s del formulario en l\u00ednea disponible en el sitio web del IVAI. Cada obra debe reflejar la importancia de la protecci\u00f3n de datos personales y el respeto a la privacidad en el mundo digital.<\/p>\n\n\n\n<p>Se otorgar\u00e1n premios a los tres primeros lugares de cada categor\u00eda, destacando la creatividad y el mensaje claro sobre la seguridad de la informaci\u00f3n personal.<\/p>\n\n\n\n<p>Para obtener detalles adicionales sobre las bases del concurso y el proceso de participaci\u00f3n, visite el sitio web oficial del IVAI: https:\/\/ivai.org.mx\/<\/p>\n\n\n\n<p>Puedes consultar las bases, as\u00ed como fechas de recepci\u00f3n de los dibujos en la siguiente liga:<br>https:\/\/ivai.org.mx\/documentos\/CONVOCATORIA-CONCURSO-DE-DIBUJO-2024-1.pdf<\/p>\n\n\n\n<p>El IVAI espera contar con la participaci\u00f3n entusiasta de los j\u00f3venes artistas, promoviendo la conciencia sobre la seguridad de los datos personales y la importancia de un uso responsable en l\u00ednea.<\/p>\n\n\n\n<p>\u00a1An\u00edmate a participar y a compartir tu talento!<\/p>\n","protected":false},"excerpt":{"rendered":"<p>*Se busca promover la conciencia sobre la seguridad de los datos personales y la importancia de un uso responsable en l\u00ednea. Xalapa, Ver.- El Instituto Veracruzano de Acceso a la Informaci\u00f3n y Protecci\u00f3n de Datos Personales (IVAI) anuncia el lanzamiento del Concurso de Dibujo Infantil y Juvenil bajo el lema \u201cYo me cuido, yo respeto, [&hellip;]<\/p>\n","protected":false},"author":2476,"featured_media":50644,"comment_status":"open","ping_status":"open","sticky":false,"template":"","format":"standard","meta":{"_jetpack_memberships_contains_paid_content":false,"footnotes":""},"categories":[2],"tags":[],"class_list":["post-50643","post","type-post","status-publish","format-standard","has-post-thumbnail","hentry","category-estado"],"jetpack_featured_media_url":"https:\/\/encuentroinformativo.com.mx\/wp-content\/uploads\/2024\/02\/IMG-20240214-WA0084.jpg","jetpack_sharing_enabled":true,"jetpack_likes_enabled":true,"amp_enabled":true,"_links":{"self":[{"href":"https:\/\/encuentroinformativo.com.mx\/index.php?rest_route=\/wp\/v2\/posts\/50643","targetHints":{"allow":["GET"]}}],"collection":[{"href":"https:\/\/encuentroinformativo.com.mx\/index.php?rest_route=\/wp\/v2\/posts"}],"about":[{"href":"https:\/\/encuentroinformativo.com.mx\/index.php?rest_route=\/wp\/v2\/types\/post"}],"author":[{"embeddable":true,"href":"https:\/\/encuentroinformativo.com.mx\/index.php?rest_route=\/wp\/v2\/users\/2476"}],"replies":[{"embeddable":true,"href":"https:\/\/encuentroinformativo.com.mx\/index.php?rest_route=%2Fwp%2Fv2%2Fcomments&post=50643"}],"version-history":[{"count":1,"href":"https:\/\/encuentroinformativo.com.mx\/index.php?rest_route=\/wp\/v2\/posts\/50643\/revisions"}],"predecessor-version":[{"id":50645,"href":"https:\/\/encuentroinformativo.com.mx\/index.php?rest_route=\/wp\/v2\/posts\/50643\/revisions\/50645"}],"wp:featuredmedia":[{"embeddable":true,"href":"https:\/\/encuentroinformativo.com.mx\/index.php?rest_route=\/wp\/v2\/media\/50644"}],"wp:attachment":[{"href":"https:\/\/encuentroinformativo.com.mx\/index.php?rest_route=%2Fwp%2Fv2%2Fmedia&parent=50643"}],"wp:term":[{"taxonomy":"category","embeddable":true,"href":"https:\/\/encuentroinformativo.com.mx\/index.php?rest_route=%2Fwp%2Fv2%2Fcategories&post=50643"},{"taxonomy":"post_tag","embeddable":true,"href":"https:\/\/encuentroinformativo.com.mx\/index.php?rest_route=%2Fwp%2Fv2%2Ftags&post=50643"}],"curies":[{"name":"wp","href":"https:\/\/api.w.org\/{rel}","templated":true}]}}