{"id":50646,"date":"2024-02-14T13:46:42","date_gmt":"2024-02-14T19:46:42","guid":{"rendered":"https:\/\/encuentroinformativo.com.mx\/?p=50646"},"modified":"2024-02-14T13:46:47","modified_gmt":"2024-02-14T19:46:47","slug":"cuestiona-pepe-yunes-propuesta-de-llevarse-agua-de-veracruz","status":"publish","type":"post","link":"https:\/\/encuentroinformativo.com.mx\/?p=50646","title":{"rendered":"Cuestiona Pepe Yunes propuesta de llevarse agua de Veracruz"},"content":{"rendered":"\n<p><strong>Alejandro \u00c1vila<\/strong><\/p>\n\n\n\n<p>Veracruz, Ver.- El precandidato a la gubernatura de &#8220;Fuerza y Coraz\u00f3n por Veracruz&#8221;, Jos\u00e9 Francisco Yunes Zorrilla, arremeti\u00f3 en contra del presidente Andr\u00e9s Manuel L\u00f3pez Obrador, por proponer llevarse agua de Veracruz hacia los estados del norte.<\/p>\n\n\n\n<p>En un video subido a sus redes sociales, se\u00f1al\u00f3 que si bien el agua pertenece a la naci\u00f3n y, es indispensable ayudar a los Estados que carecen del l\u00edquido; tambi\u00e9n en Veracruz as\u00ed como en el norte del pa\u00eds se padecen sequ\u00edas severas, mismas que han reportado en los \u00faltimos a\u00f1os graves problemas en la ganader\u00eda.<\/p>\n\n\n\n<p>A inicios de a\u00f1o, Jessica Luna Lagunes, jefa de Hidrometeorolog\u00eda de la Comisi\u00f3n Nacional del Agua (Conagua), dijo que los estudios arrojaron que en Veracruz en 2023, fue el a\u00f1o m\u00e1s seco desde 1981.<\/p>\n\n\n\n<p>\u201cLos veracruzanos tambi\u00e9n sufrimos por la falta de agua. Los veracruzanos todos los d\u00edas tenemos que sortear la escasez de agua comprando pipas, con tandeos o con tinacos por falta de infraestructura. Si bien es cierto que el agua es propiedad de la naci\u00f3n y que su uso y disfrute es un derecho fundamental que a nadie escatimamos, tambi\u00e9n es cierto que primero Veracruz; y el primer lugar donde se debe garantizar el disfrute de ese derecho es en Veracruz en beneficio de los Veracruz. Despu\u00e9s ya veremos\u201d sentenci\u00f3.<\/p>\n\n\n\n<p>Cabe mencionar que ante la crisis de agua que vive M\u00e9xico, el presidente Andr\u00e9s Manuel L\u00f3pez Obrador se pronunci\u00f3 este martes por llevar el l\u00edquido de los estados del sur al norte.<\/p>\n\n\n\n<p>\u201cEntonces, cualquiera podr\u00eda decir: As\u00ed como lamentablemente traemos gas de Texas por gasoductos, \u00bfpor qu\u00e9 no en acueductos traemos agua de Tabasco, del Grijalva, del Usumacinta, del Gonz\u00e1lez, en el caso del r\u00edo Coatzacoalcos, del Papaloapan y de todos los r\u00edos de Veracruz hacia la Ciudad de M\u00e9xico o hacia el norte para llevar agua a Nuevo Le\u00f3n y a otros estados?\u2019. S\u00ed, s\u00ed, s\u00ed, es bueno el proyecto, porque el agua es fundamental, es necesaria para la alimentaci\u00f3n y para el desarrollo, pero \u00bfpor qu\u00e9 mejor no orientamos el crecimiento a donde hay agua?\u201d, manifest\u00f3 en conferencia de prensa.<\/p>\n\n\n\n<p>Es de puntualizar que, desde el 2023 el gobernador de Nuevo Le\u00f3n, Samuel Garc\u00eda, pretend\u00eda realizar el proyecto Monterrey VI, el cual consiste extraer agua del r\u00edo P\u00e1nuco para dicha ciudad y su zona conurbada.&nbsp;<\/p>\n\n\n\n<p>Posteriormente el presidente Andr\u00e9s Manuel L\u00f3pez Obrador hizo eco de las declaraciones del mandatario norte\u00f1o y dijo que \u201cs\u00ed ve viable que se extraiga agua del r\u00edo P\u00e1nuco para la poblaci\u00f3n de Monterrey\u201d; el tema lo volvi\u00f3 a retomar esta semana en La Ma\u00f1anera.<\/p>\n","protected":false},"excerpt":{"rendered":"<p>Alejandro \u00c1vila Veracruz, Ver.- El precandidato a la gubernatura de &#8220;Fuerza y Coraz\u00f3n por Veracruz&#8221;, Jos\u00e9 Francisco Yunes Zorrilla, arremeti\u00f3 en contra del presidente Andr\u00e9s Manuel L\u00f3pez Obrador, por proponer llevarse agua de Veracruz hacia los estados del norte. En un video subido a sus redes sociales, se\u00f1al\u00f3 que si bien el agua pertenece a [&hellip;]<\/p>\n","protected":false},"author":2476,"featured_media":50647,"comment_status":"open","ping_status":"open","sticky":false,"template":"","format":"standard","meta":{"_jetpack_memberships_contains_paid_content":false,"footnotes":""},"categories":[2],"tags":[],"class_list":["post-50646","post","type-post","status-publish","format-standard","has-post-thumbnail","hentry","category-estado"],"jetpack_featured_media_url":"https:\/\/encuentroinformativo.com.mx\/wp-content\/uploads\/2024\/02\/IMG-20240214-WA0077.jpg","jetpack_sharing_enabled":true,"jetpack_likes_enabled":true,"amp_enabled":true,"_links":{"self":[{"href":"https:\/\/encuentroinformativo.com.mx\/index.php?rest_route=\/wp\/v2\/posts\/50646","targetHints":{"allow":["GET"]}}],"collection":[{"href":"https:\/\/encuentroinformativo.com.mx\/index.php?rest_route=\/wp\/v2\/posts"}],"about":[{"href":"https:\/\/encuentroinformativo.com.mx\/index.php?rest_route=\/wp\/v2\/types\/post"}],"author":[{"embeddable":true,"href":"https:\/\/encuentroinformativo.com.mx\/index.php?rest_route=\/wp\/v2\/users\/2476"}],"replies":[{"embeddable":true,"href":"https:\/\/encuentroinformativo.com.mx\/index.php?rest_route=%2Fwp%2Fv2%2Fcomments&post=50646"}],"version-history":[{"count":1,"href":"https:\/\/encuentroinformativo.com.mx\/index.php?rest_route=\/wp\/v2\/posts\/50646\/revisions"}],"predecessor-version":[{"id":50648,"href":"https:\/\/encuentroinformativo.com.mx\/index.php?rest_route=\/wp\/v2\/posts\/50646\/revisions\/50648"}],"wp:featuredmedia":[{"embeddable":true,"href":"https:\/\/encuentroinformativo.com.mx\/index.php?rest_route=\/wp\/v2\/media\/50647"}],"wp:attachment":[{"href":"https:\/\/encuentroinformativo.com.mx\/index.php?rest_route=%2Fwp%2Fv2%2Fmedia&parent=50646"}],"wp:term":[{"taxonomy":"category","embeddable":true,"href":"https:\/\/encuentroinformativo.com.mx\/index.php?rest_route=%2Fwp%2Fv2%2Fcategories&post=50646"},{"taxonomy":"post_tag","embeddable":true,"href":"https:\/\/encuentroinformativo.com.mx\/index.php?rest_route=%2Fwp%2Fv2%2Ftags&post=50646"}],"curies":[{"name":"wp","href":"https:\/\/api.w.org\/{rel}","templated":true}]}}