{"id":50649,"date":"2024-02-14T14:27:15","date_gmt":"2024-02-14T20:27:15","guid":{"rendered":"https:\/\/encuentroinformativo.com.mx\/?p=50649"},"modified":"2024-02-14T17:06:25","modified_gmt":"2024-02-14T23:06:25","slug":"invitan-a-quinta-edicion-de-salson-pal-corazon","status":"publish","type":"post","link":"https:\/\/encuentroinformativo.com.mx\/?p=50649","title":{"rendered":"Invitan a quinta edici\u00f3n de &#8216;Sals\u00f3n Pal Coraz\u00f3n&#8217;"},"content":{"rendered":"\n<p><strong>Dar\u00edo Pale <\/strong><\/p>\n\n\n\n<p>Xalapa, Ver.- Invitan a la ciudadan\u00eda para que asista a la quinta edici\u00f3n de &#8220;Sals\u00f3n Pal Coraz\u00f3n&#8221;, donde representantes de m\u00e1s de 20 grupos y academias estar\u00e1n presente en el evento de salsa que se llevar\u00e1 a cabo el pr\u00f3ximo s\u00e1bado 17 de febrero en el sal\u00f3n SUTERN.<\/p>\n\n\n\n<p>Indicaron que la finalidad del evento es reunir a salseros y grupos exponentes del g\u00e9nero en un encuentro cultural de baile y ritmos cubanos.<\/p>\n\n\n\n<p>\u201cCon 4 ediciones se ha demostrado que en Xalapa se escucha y se baila salsa, lo mismo que se escucha jazz o m\u00fasica de concierto\u201d, la productora Chriss Chaparro anunci\u00f3 en rueda de prensa &#8220;Sals\u00f3n P\u00e1l Coraz\u00f3n 5ta Edici\u00f3n&#8221;.&nbsp;<\/p>\n\n\n\n<p>Los organizadores confirmaron la participaci\u00f3n de las orquestas locales &#8220;Los D Cuba&#8221;, &#8220;Son de K Ach\u00e9&#8221; y &#8220;Xplosi\u00f3n Salsera&#8221;, teniendo como invitado especial a &#8220;Elito Rev\u00e9 y su Charang\u00f3n&#8221;.&nbsp;<\/p>\n\n\n\n<p>Asimismo, destacaron que sus diferentes academias de baile de Xalapa y municipios aleda\u00f1os como Coatepec realizar\u00e1n una demostraci\u00f3n de baile a nivel profesional.&nbsp;<\/p>\n\n\n\n<p>Chriss Chaparro expres\u00f3 que con Sals\u00f3n P\u00e1l Coraz\u00f3n &nbsp;buscan contribuir a diversificar la cartelera de actividades en Xalapa, por un lado, y por otro, crear y sostener espacios para la salsa, que tiene un amplio historial en Veracruz.<\/p>\n\n\n\n<p>Puntualiz\u00f3 que para el n\u00famero de participantes en el escenario, la cuota de recuperaci\u00f3n, que va desde los 400 a los 600 pesos, es m\u00ednima, para el tipo de concierto de nivel Internacional que se ofrecer\u00e1 y &nbsp;consideran &nbsp;que est\u00e1 m\u00e1s que comprobada la importancia de hacer comunidad, de congregarse, de bailar, de charlar, de re\u00edr, en un ambiente de sano esparcimiento.&nbsp;<\/p>\n\n\n\n<p>Adem\u00e1s de que Xalapa merece tener este tipo de eventos de talla internacional, puesto que en la capital se consume la salsa, los interesados podr\u00e1n adquirir los accesos a trav\u00e9s del n\u00famero \u202a22 81 18 16 60\u202c<\/p>\n","protected":false},"excerpt":{"rendered":"<p>Dar\u00edo Pale Xalapa, Ver.- Invitan a la ciudadan\u00eda para que asista a la quinta edici\u00f3n de &#8220;Sals\u00f3n Pal Coraz\u00f3n&#8221;, donde representantes de m\u00e1s de 20 grupos y academias estar\u00e1n presente en el evento de salsa que se llevar\u00e1 a cabo el pr\u00f3ximo s\u00e1bado 17 de febrero en el sal\u00f3n SUTERN. Indicaron que la finalidad del [&hellip;]<\/p>\n","protected":false},"author":2476,"featured_media":50659,"comment_status":"open","ping_status":"open","sticky":false,"template":"","format":"standard","meta":{"_jetpack_memberships_contains_paid_content":false,"footnotes":""},"categories":[3],"tags":[],"class_list":["post-50649","post","type-post","status-publish","format-standard","has-post-thumbnail","hentry","category-xalapa"],"jetpack_featured_media_url":"https:\/\/encuentroinformativo.com.mx\/wp-content\/uploads\/2024\/02\/IMG-20240214-WA0132.jpg","jetpack_sharing_enabled":true,"jetpack_likes_enabled":true,"amp_enabled":true,"_links":{"self":[{"href":"https:\/\/encuentroinformativo.com.mx\/index.php?rest_route=\/wp\/v2\/posts\/50649","targetHints":{"allow":["GET"]}}],"collection":[{"href":"https:\/\/encuentroinformativo.com.mx\/index.php?rest_route=\/wp\/v2\/posts"}],"about":[{"href":"https:\/\/encuentroinformativo.com.mx\/index.php?rest_route=\/wp\/v2\/types\/post"}],"author":[{"embeddable":true,"href":"https:\/\/encuentroinformativo.com.mx\/index.php?rest_route=\/wp\/v2\/users\/2476"}],"replies":[{"embeddable":true,"href":"https:\/\/encuentroinformativo.com.mx\/index.php?rest_route=%2Fwp%2Fv2%2Fcomments&post=50649"}],"version-history":[{"count":2,"href":"https:\/\/encuentroinformativo.com.mx\/index.php?rest_route=\/wp\/v2\/posts\/50649\/revisions"}],"predecessor-version":[{"id":50660,"href":"https:\/\/encuentroinformativo.com.mx\/index.php?rest_route=\/wp\/v2\/posts\/50649\/revisions\/50660"}],"wp:featuredmedia":[{"embeddable":true,"href":"https:\/\/encuentroinformativo.com.mx\/index.php?rest_route=\/wp\/v2\/media\/50659"}],"wp:attachment":[{"href":"https:\/\/encuentroinformativo.com.mx\/index.php?rest_route=%2Fwp%2Fv2%2Fmedia&parent=50649"}],"wp:term":[{"taxonomy":"category","embeddable":true,"href":"https:\/\/encuentroinformativo.com.mx\/index.php?rest_route=%2Fwp%2Fv2%2Fcategories&post=50649"},{"taxonomy":"post_tag","embeddable":true,"href":"https:\/\/encuentroinformativo.com.mx\/index.php?rest_route=%2Fwp%2Fv2%2Ftags&post=50649"}],"curies":[{"name":"wp","href":"https:\/\/api.w.org\/{rel}","templated":true}]}}