{"id":50652,"date":"2024-02-14T14:34:46","date_gmt":"2024-02-14T20:34:46","guid":{"rendered":"https:\/\/encuentroinformativo.com.mx\/?p=50652"},"modified":"2024-02-14T14:34:52","modified_gmt":"2024-02-14T20:34:52","slug":"inseguridad-reduce-traslado-de-mercancias-en-carreteras-canaco","status":"publish","type":"post","link":"https:\/\/encuentroinformativo.com.mx\/?p=50652","title":{"rendered":"Inseguridad reduce traslado de mercanc\u00edas en carreteras: CANACO"},"content":{"rendered":"\n<p><strong>Dar\u00edo Pale <\/strong><\/p>\n\n\n\n<p>Xalapa, Ver.- Debido a la inseguridad que existe en las carreteras del estado, hay reducci\u00f3n de traslados de mercanc\u00edas; por lo que los conductores rechazan las rutas, as\u00ed lo dio a conocer el presidente de la C\u00e1mara Nacional de Comercio (CANACO), Xalapa Carlos Luna G\u00f3mez.<\/p>\n\n\n\n<p>En entrevista se\u00f1al\u00f3 que la CANACO, reporta disminuci\u00f3n de traslados de mercanc\u00eda en tramos espec\u00edficos del estado por las condiciones de inseguridad, refiri\u00f3 que no hay seguimiento por parte de las autoridades ante las denuncias que se presentan al respecto.<\/p>\n\n\n\n<p>\u201cLas denuncias s\u00ed se realizan (\u2026); se pierden mercanc\u00edas, se pierde el cami\u00f3n, se pierde el instrumento de trabajo, sin embargo, no hay un resarcimiento del da\u00f1o, en el mejor de los casos cuando son cosas materiales ya que tambi\u00e9n tenemos casos de secuestro\u201d, se\u00f1al\u00f3.<\/p>\n\n\n\n<p>En ese sentido, lament\u00f3 que se observ\u00e9, incluso, la deserci\u00f3n de conductores al oponerse a transitar por zonas espec\u00edficas identificadas de alto riesgo y es que no solo se trata del robo a los productos sino tambi\u00e9n secuestros.<\/p>\n\n\n\n<p>\u201cHemos tenido una ola de hechos con impactos muy negativos, en donde ya los transportistas no quieren circular, no quieren trabajar en esas zonas, incre\u00edble porque esto es parte de sus ingresos, es su fuente de trabajo, pero ya no quieren agarrar ciertos trabajos por ciertas carreteras\u201d, coment\u00f3.<\/p>\n\n\n\n<p>La mayor\u00eda de las p\u00e9rdidas materiales, dijo, tienen que ver con traslados de insumos para la construcci\u00f3n y medicinas.<\/p>\n\n\n\n<p>Finalmente coment\u00f3 que, \u201cy esto, definitivamente, es por el clima de inseguridad (\u2026) y por eso las protestas de nuestros compa\u00f1eros transportistas porque est\u00e1n sufriendo hasta 10 robos al d\u00eda por compa\u00f1\u00eda; este es un tema muy preocupante, algunas de las carreteras de Veracruz son de las m\u00e1s inseguras del pa\u00eds, sobre todo, en el tramo de Orizaba y las Cumbres de Maltrata\u201d.<\/p>\n","protected":false},"excerpt":{"rendered":"<p>Dar\u00edo Pale Xalapa, Ver.- Debido a la inseguridad que existe en las carreteras del estado, hay reducci\u00f3n de traslados de mercanc\u00edas; por lo que los conductores rechazan las rutas, as\u00ed lo dio a conocer el presidente de la C\u00e1mara Nacional de Comercio (CANACO), Xalapa Carlos Luna G\u00f3mez. En entrevista se\u00f1al\u00f3 que la CANACO, reporta disminuci\u00f3n [&hellip;]<\/p>\n","protected":false},"author":2476,"featured_media":50653,"comment_status":"open","ping_status":"open","sticky":false,"template":"","format":"standard","meta":{"_jetpack_memberships_contains_paid_content":false,"footnotes":""},"categories":[3],"tags":[],"class_list":["post-50652","post","type-post","status-publish","format-standard","has-post-thumbnail","hentry","category-xalapa"],"jetpack_featured_media_url":"https:\/\/encuentroinformativo.com.mx\/wp-content\/uploads\/2024\/02\/IMG-20240214-WA0091.jpg","jetpack_sharing_enabled":true,"jetpack_likes_enabled":true,"amp_enabled":true,"_links":{"self":[{"href":"https:\/\/encuentroinformativo.com.mx\/index.php?rest_route=\/wp\/v2\/posts\/50652","targetHints":{"allow":["GET"]}}],"collection":[{"href":"https:\/\/encuentroinformativo.com.mx\/index.php?rest_route=\/wp\/v2\/posts"}],"about":[{"href":"https:\/\/encuentroinformativo.com.mx\/index.php?rest_route=\/wp\/v2\/types\/post"}],"author":[{"embeddable":true,"href":"https:\/\/encuentroinformativo.com.mx\/index.php?rest_route=\/wp\/v2\/users\/2476"}],"replies":[{"embeddable":true,"href":"https:\/\/encuentroinformativo.com.mx\/index.php?rest_route=%2Fwp%2Fv2%2Fcomments&post=50652"}],"version-history":[{"count":1,"href":"https:\/\/encuentroinformativo.com.mx\/index.php?rest_route=\/wp\/v2\/posts\/50652\/revisions"}],"predecessor-version":[{"id":50654,"href":"https:\/\/encuentroinformativo.com.mx\/index.php?rest_route=\/wp\/v2\/posts\/50652\/revisions\/50654"}],"wp:featuredmedia":[{"embeddable":true,"href":"https:\/\/encuentroinformativo.com.mx\/index.php?rest_route=\/wp\/v2\/media\/50653"}],"wp:attachment":[{"href":"https:\/\/encuentroinformativo.com.mx\/index.php?rest_route=%2Fwp%2Fv2%2Fmedia&parent=50652"}],"wp:term":[{"taxonomy":"category","embeddable":true,"href":"https:\/\/encuentroinformativo.com.mx\/index.php?rest_route=%2Fwp%2Fv2%2Fcategories&post=50652"},{"taxonomy":"post_tag","embeddable":true,"href":"https:\/\/encuentroinformativo.com.mx\/index.php?rest_route=%2Fwp%2Fv2%2Ftags&post=50652"}],"curies":[{"name":"wp","href":"https:\/\/api.w.org\/{rel}","templated":true}]}}