{"id":50655,"date":"2024-02-14T16:58:01","date_gmt":"2024-02-14T22:58:01","guid":{"rendered":"https:\/\/encuentroinformativo.com.mx\/?p=50655"},"modified":"2024-02-14T16:58:07","modified_gmt":"2024-02-14T22:58:07","slug":"muere-en-ciudad-juarez-el-futbolista-diego-puma-chavez","status":"publish","type":"post","link":"https:\/\/encuentroinformativo.com.mx\/?p=50655","title":{"rendered":"Muere en Ciudad Ju\u00e1rez el futbolista Diego &#8220;Puma&#8221; Ch\u00e1vez"},"content":{"rendered":"\n<p><strong>Alejandro \u00c1vila<\/strong><\/p>\n\n\n\n<p>Veracruz, Ver.- El equipo de la Liga MX, Bravos de Ciudad Ju\u00e1rez confirm\u00f3 a trav\u00e9s de un comunicado el deceso del futbolista veracruzano, Diego &#8220;Puma&#8221; Ch\u00e1vez, qui\u00e9n sufri\u00f3 un accidente automovil\u00edstico la madrugada de este mi\u00e9rcoles 14 de febrero.<\/p>\n\n\n\n<p>Seg\u00fan el parte oficial del departamento de vialidad municipal, los hechos ocurrieron alrededor de la 1 de la ma\u00f1ana sobre la calle Antonio J. Berm\u00fadez y avenida Vicente Guerrero.<\/p>\n\n\n\n<p>Los primeros reportes indican que el joven de 28 a\u00f1os viajaba a exceso de velocidad en su veh\u00edculo Beetle 2015 color rojo, aparentemente el deportista perdi\u00f3 el control de la unidad y se estrell\u00f3 contra un poste en la intersecci\u00f3n de las calles mencionadas.<\/p>\n\n\n\n<p>Diego Ch\u00e1vez Collins nacido en el municipio de Boca del R\u00edo, debut\u00f3 con los Tiburones Rojos de Veracruz en agosto del 2015 enfrentando a Xolos de Tijuana; tambi\u00e9n tuvo un paso por los Rayos del Necaxa y los Diablos Rojos del Toluca; adem\u00e1s, tambi\u00e9n tuvo participaci\u00f3n en equipos extranjeros en Espa\u00f1a y Per\u00fa.<\/p>\n","protected":false},"excerpt":{"rendered":"<p>Alejandro \u00c1vila Veracruz, Ver.- El equipo de la Liga MX, Bravos de Ciudad Ju\u00e1rez confirm\u00f3 a trav\u00e9s de un comunicado el deceso del futbolista veracruzano, Diego &#8220;Puma&#8221; Ch\u00e1vez, qui\u00e9n sufri\u00f3 un accidente automovil\u00edstico la madrugada de este mi\u00e9rcoles 14 de febrero. Seg\u00fan el parte oficial del departamento de vialidad municipal, los hechos ocurrieron alrededor de [&hellip;]<\/p>\n","protected":false},"author":2476,"featured_media":50656,"comment_status":"open","ping_status":"open","sticky":false,"template":"","format":"standard","meta":{"_jetpack_memberships_contains_paid_content":false,"footnotes":""},"categories":[12],"tags":[],"class_list":["post-50655","post","type-post","status-publish","format-standard","has-post-thumbnail","hentry","category-nacional"],"jetpack_featured_media_url":"https:\/\/encuentroinformativo.com.mx\/wp-content\/uploads\/2024\/02\/IMG-20240214-WA0118.jpg","jetpack_sharing_enabled":true,"jetpack_likes_enabled":true,"amp_enabled":true,"_links":{"self":[{"href":"https:\/\/encuentroinformativo.com.mx\/index.php?rest_route=\/wp\/v2\/posts\/50655","targetHints":{"allow":["GET"]}}],"collection":[{"href":"https:\/\/encuentroinformativo.com.mx\/index.php?rest_route=\/wp\/v2\/posts"}],"about":[{"href":"https:\/\/encuentroinformativo.com.mx\/index.php?rest_route=\/wp\/v2\/types\/post"}],"author":[{"embeddable":true,"href":"https:\/\/encuentroinformativo.com.mx\/index.php?rest_route=\/wp\/v2\/users\/2476"}],"replies":[{"embeddable":true,"href":"https:\/\/encuentroinformativo.com.mx\/index.php?rest_route=%2Fwp%2Fv2%2Fcomments&post=50655"}],"version-history":[{"count":1,"href":"https:\/\/encuentroinformativo.com.mx\/index.php?rest_route=\/wp\/v2\/posts\/50655\/revisions"}],"predecessor-version":[{"id":50657,"href":"https:\/\/encuentroinformativo.com.mx\/index.php?rest_route=\/wp\/v2\/posts\/50655\/revisions\/50657"}],"wp:featuredmedia":[{"embeddable":true,"href":"https:\/\/encuentroinformativo.com.mx\/index.php?rest_route=\/wp\/v2\/media\/50656"}],"wp:attachment":[{"href":"https:\/\/encuentroinformativo.com.mx\/index.php?rest_route=%2Fwp%2Fv2%2Fmedia&parent=50655"}],"wp:term":[{"taxonomy":"category","embeddable":true,"href":"https:\/\/encuentroinformativo.com.mx\/index.php?rest_route=%2Fwp%2Fv2%2Fcategories&post=50655"},{"taxonomy":"post_tag","embeddable":true,"href":"https:\/\/encuentroinformativo.com.mx\/index.php?rest_route=%2Fwp%2Fv2%2Ftags&post=50655"}],"curies":[{"name":"wp","href":"https:\/\/api.w.org\/{rel}","templated":true}]}}