{"id":50666,"date":"2024-02-15T09:49:17","date_gmt":"2024-02-15T15:49:17","guid":{"rendered":"https:\/\/encuentroinformativo.com.mx\/?p=50666"},"modified":"2024-02-15T09:49:24","modified_gmt":"2024-02-15T15:49:24","slug":"transportistas-veracruzanos-se-suman-a-paro-nacional","status":"publish","type":"post","link":"https:\/\/encuentroinformativo.com.mx\/?p=50666","title":{"rendered":"Transportistas veracruzanos se suman a paro nacional"},"content":{"rendered":"\n<p>Xalapa, Ver.- Como parte del paro de transportistas que se realiza en distintos puntos del pa\u00eds, la zona de Xalapa tambi\u00e9n se sum\u00f3 a los mismos.<\/p>\n\n\n\n<p>Ante lo cual en los accesos a la ciudad como Las Trancas y la salida hacia M\u00e9xico en la colonia 21 de marzo se observan veh\u00edculos pesados ocupando un carril de la vialidad.<\/p>\n\n\n\n<p>En el caso de Las Trancas taxistas que tambi\u00e9n se han sumado a este paro nacional.<\/p>\n\n\n\n<p>Cabe recordar que los transportistas est\u00e1n demandando mayores medidas de seguridad en carreteras. <\/p>\n\n\n\n<figure class=\"wp-block-image size-large\"><img loading=\"lazy\" decoding=\"async\" width=\"1024\" height=\"639\" src=\"https:\/\/encuentroinformativo.com.mx\/wp-content\/uploads\/2024\/02\/Photo_1708011801315-1024x639.jpg\" alt=\"\" class=\"wp-image-50668\" srcset=\"https:\/\/encuentroinformativo.com.mx\/wp-content\/uploads\/2024\/02\/Photo_1708011801315-1024x639.jpg 1024w, https:\/\/encuentroinformativo.com.mx\/wp-content\/uploads\/2024\/02\/Photo_1708011801315-300x187.jpg 300w, https:\/\/encuentroinformativo.com.mx\/wp-content\/uploads\/2024\/02\/Photo_1708011801315-768x479.jpg 768w, https:\/\/encuentroinformativo.com.mx\/wp-content\/uploads\/2024\/02\/Photo_1708011801315-464x290.jpg 464w, https:\/\/encuentroinformativo.com.mx\/wp-content\/uploads\/2024\/02\/Photo_1708011801315.jpg 1400w\" sizes=\"auto, (max-width: 1024px) 100vw, 1024px\" \/><\/figure>\n\n\n\n<figure class=\"wp-block-image size-large\"><img loading=\"lazy\" decoding=\"async\" width=\"1024\" height=\"674\" src=\"https:\/\/encuentroinformativo.com.mx\/wp-content\/uploads\/2024\/02\/Photo_1708011839571-1024x674.jpg\" alt=\"\" class=\"wp-image-50669\" srcset=\"https:\/\/encuentroinformativo.com.mx\/wp-content\/uploads\/2024\/02\/Photo_1708011839571-1024x674.jpg 1024w, https:\/\/encuentroinformativo.com.mx\/wp-content\/uploads\/2024\/02\/Photo_1708011839571-300x197.jpg 300w, https:\/\/encuentroinformativo.com.mx\/wp-content\/uploads\/2024\/02\/Photo_1708011839571-768x506.jpg 768w, https:\/\/encuentroinformativo.com.mx\/wp-content\/uploads\/2024\/02\/Photo_1708011839571.jpg 1393w\" sizes=\"auto, (max-width: 1024px) 100vw, 1024px\" \/><\/figure>\n","protected":false},"excerpt":{"rendered":"<p>Xalapa, Ver.- Como parte del paro de transportistas que se realiza en distintos puntos del pa\u00eds, la zona de Xalapa tambi\u00e9n se sum\u00f3 a los mismos. Ante lo cual en los accesos a la ciudad como Las Trancas y la salida hacia M\u00e9xico en la colonia 21 de marzo se observan veh\u00edculos pesados ocupando un [&hellip;]<\/p>\n","protected":false},"author":2476,"featured_media":50667,"comment_status":"open","ping_status":"open","sticky":false,"template":"","format":"standard","meta":{"_jetpack_memberships_contains_paid_content":false,"footnotes":""},"categories":[8],"tags":[],"class_list":["post-50666","post","type-post","status-publish","format-standard","has-post-thumbnail","hentry","category-region"],"jetpack_featured_media_url":"https:\/\/encuentroinformativo.com.mx\/wp-content\/uploads\/2024\/02\/Photo_1708011758426.jpg","jetpack_sharing_enabled":true,"jetpack_likes_enabled":true,"amp_enabled":true,"_links":{"self":[{"href":"https:\/\/encuentroinformativo.com.mx\/index.php?rest_route=\/wp\/v2\/posts\/50666","targetHints":{"allow":["GET"]}}],"collection":[{"href":"https:\/\/encuentroinformativo.com.mx\/index.php?rest_route=\/wp\/v2\/posts"}],"about":[{"href":"https:\/\/encuentroinformativo.com.mx\/index.php?rest_route=\/wp\/v2\/types\/post"}],"author":[{"embeddable":true,"href":"https:\/\/encuentroinformativo.com.mx\/index.php?rest_route=\/wp\/v2\/users\/2476"}],"replies":[{"embeddable":true,"href":"https:\/\/encuentroinformativo.com.mx\/index.php?rest_route=%2Fwp%2Fv2%2Fcomments&post=50666"}],"version-history":[{"count":1,"href":"https:\/\/encuentroinformativo.com.mx\/index.php?rest_route=\/wp\/v2\/posts\/50666\/revisions"}],"predecessor-version":[{"id":50670,"href":"https:\/\/encuentroinformativo.com.mx\/index.php?rest_route=\/wp\/v2\/posts\/50666\/revisions\/50670"}],"wp:featuredmedia":[{"embeddable":true,"href":"https:\/\/encuentroinformativo.com.mx\/index.php?rest_route=\/wp\/v2\/media\/50667"}],"wp:attachment":[{"href":"https:\/\/encuentroinformativo.com.mx\/index.php?rest_route=%2Fwp%2Fv2%2Fmedia&parent=50666"}],"wp:term":[{"taxonomy":"category","embeddable":true,"href":"https:\/\/encuentroinformativo.com.mx\/index.php?rest_route=%2Fwp%2Fv2%2Fcategories&post=50666"},{"taxonomy":"post_tag","embeddable":true,"href":"https:\/\/encuentroinformativo.com.mx\/index.php?rest_route=%2Fwp%2Fv2%2Ftags&post=50666"}],"curies":[{"name":"wp","href":"https:\/\/api.w.org\/{rel}","templated":true}]}}