{"id":5067,"date":"2020-08-19T14:29:52","date_gmt":"2020-08-19T19:29:52","guid":{"rendered":"https:\/\/encuentroinformativo.com\/?p=5067"},"modified":"2020-08-19T14:29:56","modified_gmt":"2020-08-19T19:29:56","slug":"denuncian-ante-profepa-negligencias-en-zoologico","status":"publish","type":"post","link":"https:\/\/encuentroinformativo.com.mx\/?p=5067","title":{"rendered":"Denuncian ante PROFEPA negligencias en zool\u00f3gico"},"content":{"rendered":"\n<p><strong>Juan Arcos <\/strong><\/p>\n\n\n\n<p>Xalapa, Ver.- Una denuncia fue presentada en la Procuradur\u00eda Federal de Protecci\u00f3n al Ambiente (Profepa) por omisi\u00f3n de cuidado, maltrato y negligencia m\u00e9dica en perjuicio de los animales del zool\u00f3gico Miguel \u00c1ngel de Quevedo, ubicado en el puerto de Veracruz.<\/p>\n\n\n\n<p>Ileana Ram\u00edrez Dom\u00ednguez, regidora segunda del ayuntamiento de Veracruz, procedi\u00f3 legalmente el pasado mi\u00e9rcoles 11 de agosto, luego de que circularan im\u00e1genes en redes sociales sobre el descuido de las especies en resguardo.<\/p>\n\n\n\n<p>La querella fue presentada v\u00eda electr\u00f3nica, debido a que la instancia federal evita actividades presenciales durante la pandemia del SARS-COV-2 (COVID-19).<br>La funcionaria municipal detall\u00f3 que la denuncia fue con fundamento en la Ley de Equilibrio Ecol\u00f3gico y Protecci\u00f3n al Ambiente.<\/p>\n\n\n\n<p>En una visita sorpresa, el pasado 5 de agosto, acompa\u00f1ada del veterinario Alberto Ojeda Capella e integrantes del Consejo Ciudadano, constat\u00f3 que los cuidados f\u00edsicos y m\u00e9dicos no eran los id\u00f3neos para los animales.\u00a0<br>\u201cAl presentar la denuncia, en caso de encontrar la comisi\u00f3n de un delito, ellos (Profepa) dan vista a la autoridad competente para que se judicialicen los casos\u201d, explic\u00f3.<\/p>\n\n\n\n<p>Ram\u00edrez Dom\u00ednguez record\u00f3 que el ayuntamiento de Veracruz, presidido por Fernando Yunes M\u00e1rquez, es responsable del cuidado y mantenimiento del lugar.<\/p>\n\n\n\n<p>\u201cCuenta con la mayor cantidad de empleados para atenderlos pero falta voluntad para proteger a los animales\u201d.<\/p>\n\n\n\n<p>Por su parte, el veterinario indic\u00f3 que se observ\u00f3 la falta de agua y alimentos en las jaulas de los animales, adem\u00e1s del descuido total de las instalaciones, donde hay agua estancada.<\/p>\n\n\n\n<p>Tambi\u00e9n refiri\u00f3 que la llama con lesiones en su lomo, animal que presenta el mayor da\u00f1o f\u00edsico, tampoco ha recibido atenci\u00f3n m\u00e9dica.<\/p>\n\n\n\n<p>El zool\u00f3gico se encuentra en la colonia C\u00e1ndido Aguilar de la ciudad, a unas cuadras de la terminal de autobuses que est\u00e1 sobre la avenida Salvador D\u00edaz Mir\u00f3n.<\/p>\n\n\n\n<p><\/p>\n","protected":false},"excerpt":{"rendered":"<p>Juan Arcos Xalapa, Ver.- Una denuncia fue presentada en la Procuradur\u00eda Federal de Protecci\u00f3n al Ambiente (Profepa) por omisi\u00f3n de cuidado, maltrato y negligencia m\u00e9dica en perjuicio de los animales del zool\u00f3gico Miguel \u00c1ngel de Quevedo, ubicado en el puerto de Veracruz. Ileana Ram\u00edrez Dom\u00ednguez, regidora segunda del ayuntamiento de Veracruz, procedi\u00f3 legalmente el pasado [&hellip;]<\/p>\n","protected":false},"author":1,"featured_media":5068,"comment_status":"open","ping_status":"open","sticky":false,"template":"","format":"standard","meta":{"_jetpack_memberships_contains_paid_content":false,"footnotes":""},"categories":[2],"tags":[],"class_list":["post-5067","post","type-post","status-publish","format-standard","has-post-thumbnail","hentry","category-estado"],"jetpack_featured_media_url":"https:\/\/encuentroinformativo.com.mx\/wp-content\/uploads\/2020\/08\/2228FCDF-6A2E-446E-8676-CD3EEF9D7EBE.jpeg","jetpack_sharing_enabled":true,"jetpack_likes_enabled":true,"amp_enabled":true,"_links":{"self":[{"href":"https:\/\/encuentroinformativo.com.mx\/index.php?rest_route=\/wp\/v2\/posts\/5067","targetHints":{"allow":["GET"]}}],"collection":[{"href":"https:\/\/encuentroinformativo.com.mx\/index.php?rest_route=\/wp\/v2\/posts"}],"about":[{"href":"https:\/\/encuentroinformativo.com.mx\/index.php?rest_route=\/wp\/v2\/types\/post"}],"author":[{"embeddable":true,"href":"https:\/\/encuentroinformativo.com.mx\/index.php?rest_route=\/wp\/v2\/users\/1"}],"replies":[{"embeddable":true,"href":"https:\/\/encuentroinformativo.com.mx\/index.php?rest_route=%2Fwp%2Fv2%2Fcomments&post=5067"}],"version-history":[{"count":1,"href":"https:\/\/encuentroinformativo.com.mx\/index.php?rest_route=\/wp\/v2\/posts\/5067\/revisions"}],"predecessor-version":[{"id":5069,"href":"https:\/\/encuentroinformativo.com.mx\/index.php?rest_route=\/wp\/v2\/posts\/5067\/revisions\/5069"}],"wp:featuredmedia":[{"embeddable":true,"href":"https:\/\/encuentroinformativo.com.mx\/index.php?rest_route=\/wp\/v2\/media\/5068"}],"wp:attachment":[{"href":"https:\/\/encuentroinformativo.com.mx\/index.php?rest_route=%2Fwp%2Fv2%2Fmedia&parent=5067"}],"wp:term":[{"taxonomy":"category","embeddable":true,"href":"https:\/\/encuentroinformativo.com.mx\/index.php?rest_route=%2Fwp%2Fv2%2Fcategories&post=5067"},{"taxonomy":"post_tag","embeddable":true,"href":"https:\/\/encuentroinformativo.com.mx\/index.php?rest_route=%2Fwp%2Fv2%2Ftags&post=5067"}],"curies":[{"name":"wp","href":"https:\/\/api.w.org\/{rel}","templated":true}]}}