{"id":50674,"date":"2024-02-15T10:20:52","date_gmt":"2024-02-15T16:20:52","guid":{"rendered":"https:\/\/encuentroinformativo.com.mx\/?p=50674"},"modified":"2024-02-15T10:20:58","modified_gmt":"2024-02-15T16:20:58","slug":"confia-rector-en-que-no-habra-huelga-en-la-uv","status":"publish","type":"post","link":"https:\/\/encuentroinformativo.com.mx\/?p=50674","title":{"rendered":"Conf\u00eda rector en que no habr\u00e1 huelga en la UV"},"content":{"rendered":"\n<p><strong>Alejandro \u00c1vila<\/strong><\/p>\n\n\n\n<p>Veracruz, Ver.- La ruptura de negociaciones entre el sindicato FESAPAUV y la Universidad Veracruzana no fue catastr\u00f3fica, por lo cual el rector, Mart\u00edn Aguilar S\u00e1nchez, conf\u00eda en que se llegar\u00e1 a un arreglo para no concretar la huelga en la m\u00e1xima casa de estudios.<\/p>\n\n\n\n<p>&#8220;No es el caso (de la huelga), yo estoy casi seguro de que no, que llegaran a un acuerdo, vamos a llegar a un acuerdo; para ense\u00f1arles ayer que se rompe la negociaci\u00f3n, pero no de un tema catastr\u00f3fico, en ese momento hab\u00eda diferentes opiniones, pero si sigue el di\u00e1logo cordial y se busca y se dice bueno, no estamos de acuerdo y seguimos; hay madurez en esa parte\u201d, dijo el rector de la UV.<\/p>\n\n\n\n<p>Es de recordar que, el pasado martes 13 de febrero se detuvieron las negociaciones entre ambas partes, puedo representantes de los sindicalizados se\u00f1alaron que la negociaci\u00f3n no solo va por el incremento salarial, sino tambi\u00e9n por garantizar los pagos en tiempo y forma, atender la antig\u00fcedad de los docentes, adem\u00e1s de, no vulnerar los derechos al dejarlos sin horas por supuestamente no existir grupos para impartir las experiencias educativas.<\/p>\n\n\n\n<p>En entrevista en el programa A 8 Columnas de Radio y Televisi\u00f3n de Veracruz (RTV), conducido por Iv\u00e1n Peralta, el catedr\u00e1tico confi\u00f3 en que se llegar\u00e1 pronto a buenos t\u00e9rminos.<\/p>\n\n\n\n<p>\u201cSeguramente vamos a llegar a una soluci\u00f3n, veo diferencias en t\u00e9rminos de c\u00f3mo se percibe la intervenci\u00f3n del sindicato y la intervenci\u00f3n de la administraci\u00f3n, pero siempre encontramos los canales adecuados para ponernos de acuerdo.<\/p>\n","protected":false},"excerpt":{"rendered":"<p>Alejandro \u00c1vila Veracruz, Ver.- La ruptura de negociaciones entre el sindicato FESAPAUV y la Universidad Veracruzana no fue catastr\u00f3fica, por lo cual el rector, Mart\u00edn Aguilar S\u00e1nchez, conf\u00eda en que se llegar\u00e1 a un arreglo para no concretar la huelga en la m\u00e1xima casa de estudios. &#8220;No es el caso (de la huelga), yo estoy [&hellip;]<\/p>\n","protected":false},"author":2476,"featured_media":50675,"comment_status":"open","ping_status":"open","sticky":false,"template":"","format":"standard","meta":{"_jetpack_memberships_contains_paid_content":false,"footnotes":""},"categories":[2],"tags":[],"class_list":["post-50674","post","type-post","status-publish","format-standard","has-post-thumbnail","hentry","category-estado"],"jetpack_featured_media_url":"https:\/\/encuentroinformativo.com.mx\/wp-content\/uploads\/2024\/02\/IMG-20240215-WA00122.jpg","jetpack_sharing_enabled":true,"jetpack_likes_enabled":true,"amp_enabled":true,"_links":{"self":[{"href":"https:\/\/encuentroinformativo.com.mx\/index.php?rest_route=\/wp\/v2\/posts\/50674","targetHints":{"allow":["GET"]}}],"collection":[{"href":"https:\/\/encuentroinformativo.com.mx\/index.php?rest_route=\/wp\/v2\/posts"}],"about":[{"href":"https:\/\/encuentroinformativo.com.mx\/index.php?rest_route=\/wp\/v2\/types\/post"}],"author":[{"embeddable":true,"href":"https:\/\/encuentroinformativo.com.mx\/index.php?rest_route=\/wp\/v2\/users\/2476"}],"replies":[{"embeddable":true,"href":"https:\/\/encuentroinformativo.com.mx\/index.php?rest_route=%2Fwp%2Fv2%2Fcomments&post=50674"}],"version-history":[{"count":1,"href":"https:\/\/encuentroinformativo.com.mx\/index.php?rest_route=\/wp\/v2\/posts\/50674\/revisions"}],"predecessor-version":[{"id":50676,"href":"https:\/\/encuentroinformativo.com.mx\/index.php?rest_route=\/wp\/v2\/posts\/50674\/revisions\/50676"}],"wp:featuredmedia":[{"embeddable":true,"href":"https:\/\/encuentroinformativo.com.mx\/index.php?rest_route=\/wp\/v2\/media\/50675"}],"wp:attachment":[{"href":"https:\/\/encuentroinformativo.com.mx\/index.php?rest_route=%2Fwp%2Fv2%2Fmedia&parent=50674"}],"wp:term":[{"taxonomy":"category","embeddable":true,"href":"https:\/\/encuentroinformativo.com.mx\/index.php?rest_route=%2Fwp%2Fv2%2Fcategories&post=50674"},{"taxonomy":"post_tag","embeddable":true,"href":"https:\/\/encuentroinformativo.com.mx\/index.php?rest_route=%2Fwp%2Fv2%2Ftags&post=50674"}],"curies":[{"name":"wp","href":"https:\/\/api.w.org\/{rel}","templated":true}]}}