{"id":50677,"date":"2024-02-15T10:26:39","date_gmt":"2024-02-15T16:26:39","guid":{"rendered":"https:\/\/encuentroinformativo.com.mx\/?p=50677"},"modified":"2024-02-15T10:26:44","modified_gmt":"2024-02-15T16:26:44","slug":"posponen-rehabilitacion-del-puente-de-boca-del-rio","status":"publish","type":"post","link":"https:\/\/encuentroinformativo.com.mx\/?p=50677","title":{"rendered":"Posponen rehabilitaci\u00f3n del puente de Boca del R\u00edo"},"content":{"rendered":"\n<p><strong>Alejandro \u00c1vila<\/strong><\/p>\n\n\n\n<p>Boca del R\u00edo, Ver.- A unas cuantas horas de haber iniciado las labores de rehabilitaci\u00f3n del puente de Boca del R\u00edo, el alcalde Juan Manuel de Unanue Abascal, inform\u00f3 que se cancelaron los trabajos que ah\u00ed se realizaban, debido al intenso tr\u00e1nsito que se registr\u00f3 la ma\u00f1ana de este jueves.<\/p>\n\n\n\n<p>Apenas este lunes por la noche se confirm\u00f3 en una reuni\u00f3n con l\u00edderes de colonias y fraccionamientos de los municipios de Boca del R\u00edo, Medell\u00edn y Alvarado, que los trabajos de rehabilitaci\u00f3n del puente de Boca del R\u00edo que pasa sobre el r\u00edo Jamapa iniciar\u00edan en las primeras horas del d\u00eda 15 de febrero.<\/p>\n\n\n\n<p>Sin embargo, ante el intenso tr\u00e1fico que se registr\u00f3 la ma\u00f1ana de este jueves, el presidente municipal panista en conjunto con el delegado de la Secretar\u00eda de Infraestructura Comunicaciones y Transportes (SICT), Luis Antonio Posadas Flores, cancelar los trabajos y reorganizar la log\u00edstica para evitar este tipo de incidentes.<\/p>\n\n\n\n<p>Este puente que comunica a la cabecera municipal de Boca del R\u00edo con la zona de la Riviera Veracruzana (Ant\u00f3n Lizardo, Mandinga) en el municipio de Alvarado, y Paso del Toro en el municipio de Medell\u00edn de Bravo, genera un alto tr\u00e1nsito vehicular en las horas pico del d\u00eda.<\/p>\n\n\n\n<p>Se espera que en pr\u00f3ximas horas, tanto el Ayuntamiento de Boca del R\u00edo como la dependencia federal, den informes de la nueva fecha para que inicien los trabajos de rehabilitaci\u00f3n y la nueva mec\u00e1nica en cuanto a la log\u00edstica, para evitar conflictos viales.<\/p>\n","protected":false},"excerpt":{"rendered":"<p>Alejandro \u00c1vila Boca del R\u00edo, Ver.- A unas cuantas horas de haber iniciado las labores de rehabilitaci\u00f3n del puente de Boca del R\u00edo, el alcalde Juan Manuel de Unanue Abascal, inform\u00f3 que se cancelaron los trabajos que ah\u00ed se realizaban, debido al intenso tr\u00e1nsito que se registr\u00f3 la ma\u00f1ana de este jueves. Apenas este lunes [&hellip;]<\/p>\n","protected":false},"author":2476,"featured_media":50678,"comment_status":"open","ping_status":"open","sticky":false,"template":"","format":"standard","meta":{"_jetpack_memberships_contains_paid_content":false,"footnotes":""},"categories":[2],"tags":[],"class_list":["post-50677","post","type-post","status-publish","format-standard","has-post-thumbnail","hentry","category-estado"],"jetpack_featured_media_url":"https:\/\/encuentroinformativo.com.mx\/wp-content\/uploads\/2024\/02\/IMG-20240215-WA0011.jpg","jetpack_sharing_enabled":true,"jetpack_likes_enabled":true,"amp_enabled":true,"_links":{"self":[{"href":"https:\/\/encuentroinformativo.com.mx\/index.php?rest_route=\/wp\/v2\/posts\/50677","targetHints":{"allow":["GET"]}}],"collection":[{"href":"https:\/\/encuentroinformativo.com.mx\/index.php?rest_route=\/wp\/v2\/posts"}],"about":[{"href":"https:\/\/encuentroinformativo.com.mx\/index.php?rest_route=\/wp\/v2\/types\/post"}],"author":[{"embeddable":true,"href":"https:\/\/encuentroinformativo.com.mx\/index.php?rest_route=\/wp\/v2\/users\/2476"}],"replies":[{"embeddable":true,"href":"https:\/\/encuentroinformativo.com.mx\/index.php?rest_route=%2Fwp%2Fv2%2Fcomments&post=50677"}],"version-history":[{"count":1,"href":"https:\/\/encuentroinformativo.com.mx\/index.php?rest_route=\/wp\/v2\/posts\/50677\/revisions"}],"predecessor-version":[{"id":50679,"href":"https:\/\/encuentroinformativo.com.mx\/index.php?rest_route=\/wp\/v2\/posts\/50677\/revisions\/50679"}],"wp:featuredmedia":[{"embeddable":true,"href":"https:\/\/encuentroinformativo.com.mx\/index.php?rest_route=\/wp\/v2\/media\/50678"}],"wp:attachment":[{"href":"https:\/\/encuentroinformativo.com.mx\/index.php?rest_route=%2Fwp%2Fv2%2Fmedia&parent=50677"}],"wp:term":[{"taxonomy":"category","embeddable":true,"href":"https:\/\/encuentroinformativo.com.mx\/index.php?rest_route=%2Fwp%2Fv2%2Fcategories&post=50677"},{"taxonomy":"post_tag","embeddable":true,"href":"https:\/\/encuentroinformativo.com.mx\/index.php?rest_route=%2Fwp%2Fv2%2Ftags&post=50677"}],"curies":[{"name":"wp","href":"https:\/\/api.w.org\/{rel}","templated":true}]}}