{"id":50680,"date":"2024-02-15T11:28:00","date_gmt":"2024-02-15T17:28:00","guid":{"rendered":"https:\/\/encuentroinformativo.com.mx\/?p=50680"},"modified":"2024-02-15T11:28:06","modified_gmt":"2024-02-15T17:28:06","slug":"alcalde-de-zongolica-reconoce-que-no-se-inscribio-a-encuesta-de-morena","status":"publish","type":"post","link":"https:\/\/encuentroinformativo.com.mx\/?p=50680","title":{"rendered":"Alcalde de Zongolica reconoce que no se inscribi\u00f3 a encuesta de Morena"},"content":{"rendered":"\n<p><strong>Dar\u00edo Pale <\/strong><\/p>\n\n\n\n<p>Xalapa,Ver.- Aunque result\u00f3 ganador en la encuesta de Morena como candidato a la diputaci\u00f3n federal por el distrito de Zongolica, a\u00fan no ha decidido si participar\u00e1 en el proceso, as\u00ed lo dio a conocer el alcalde de Dicho municipio, Benito Aguas Atlahua.<\/p>\n\n\n\n<p>En entrevista se\u00f1al\u00f3 que, &#8220;es una lista que sacan de manera noticiosa, no es oficial, no lo s\u00e9, yo estoy atendido el municipio, \u00bfqu\u00e9 va a pasar?, uno se prepara para eso&#8221;.\u00a0<\/p>\n\n\n\n<p>&#8220;Yo les puedo decir que no hice campa\u00f1a, yo no colgu\u00e9 ninguna lona, mi trabajo&#8230; estamos en momentos de decisiones&#8221;, se\u00f1al\u00f3.<\/p>\n\n\n\n<p>En ese sentido, reconoci\u00f3 que no se inscribi\u00f3, lo inscribi\u00f3 el Partido en la encuesta y ah\u00ed es la gente la que decide.<\/p>\n\n\n\n<p>&#8220;Por el momento no tengo m\u00e1s noticias, m\u00e1s que una nota period\u00edstica. Buena pregunta (si va a participar), dije que eran momentos de decisiones, ahorita estamos enfocados en estos eventos que tenemos&#8221;, coment\u00f3.<\/p>\n\n\n\n<p>El Alcalde asever\u00f3 que en el mes de marzo iniciar\u00e1 la campa\u00f1a electoral, por lo que pidi\u00f3 al resto de los actores pol\u00edticos que esperen a los tiempos electorales.<\/p>\n\n\n\n<p>En otro tema, indic\u00f3 que en materia de seguridad est\u00e1n bien, adem\u00e1s de que cuentan con 350 elementos para el municipio.<\/p>\n\n\n\n<p>Reconoci\u00f3 que pol\u00edticamente es un municipio muy importante, por ser cabecera distrital.<\/p>\n\n\n\n<p>&#8220;Ya no existe (la delincuencia), es espor\u00e1dicamente, no puedo decir que est\u00e1 aislado de que pueda pasar, pero ahorita nos estamos preparando para recibirlos el primer viernes de marzo&#8221;, dijo en entrevista.<\/p>\n\n\n\n<p>Por \u00faltimo cabe mencionar que la madrugada de este jueves el Comit\u00e9 Ejecutivo Nacional de Morena difundi\u00f3 la lista de los 300 candidatos a las diputaciones federales, entre esas las 19 de Veracruz, entre ellas aparece el alcalde morenista.<\/p>\n","protected":false},"excerpt":{"rendered":"<p>Dar\u00edo Pale Xalapa,Ver.- Aunque result\u00f3 ganador en la encuesta de Morena como candidato a la diputaci\u00f3n federal por el distrito de Zongolica, a\u00fan no ha decidido si participar\u00e1 en el proceso, as\u00ed lo dio a conocer el alcalde de Dicho municipio, Benito Aguas Atlahua. En entrevista se\u00f1al\u00f3 que, &#8220;es una lista que sacan de manera [&hellip;]<\/p>\n","protected":false},"author":2476,"featured_media":50681,"comment_status":"open","ping_status":"open","sticky":false,"template":"","format":"standard","meta":{"_jetpack_memberships_contains_paid_content":false,"footnotes":""},"categories":[2],"tags":[],"class_list":["post-50680","post","type-post","status-publish","format-standard","has-post-thumbnail","hentry","category-estado"],"jetpack_featured_media_url":"https:\/\/encuentroinformativo.com.mx\/wp-content\/uploads\/2024\/02\/IMG-20240215-WA00172.jpg","jetpack_sharing_enabled":true,"jetpack_likes_enabled":true,"amp_enabled":true,"_links":{"self":[{"href":"https:\/\/encuentroinformativo.com.mx\/index.php?rest_route=\/wp\/v2\/posts\/50680","targetHints":{"allow":["GET"]}}],"collection":[{"href":"https:\/\/encuentroinformativo.com.mx\/index.php?rest_route=\/wp\/v2\/posts"}],"about":[{"href":"https:\/\/encuentroinformativo.com.mx\/index.php?rest_route=\/wp\/v2\/types\/post"}],"author":[{"embeddable":true,"href":"https:\/\/encuentroinformativo.com.mx\/index.php?rest_route=\/wp\/v2\/users\/2476"}],"replies":[{"embeddable":true,"href":"https:\/\/encuentroinformativo.com.mx\/index.php?rest_route=%2Fwp%2Fv2%2Fcomments&post=50680"}],"version-history":[{"count":1,"href":"https:\/\/encuentroinformativo.com.mx\/index.php?rest_route=\/wp\/v2\/posts\/50680\/revisions"}],"predecessor-version":[{"id":50682,"href":"https:\/\/encuentroinformativo.com.mx\/index.php?rest_route=\/wp\/v2\/posts\/50680\/revisions\/50682"}],"wp:featuredmedia":[{"embeddable":true,"href":"https:\/\/encuentroinformativo.com.mx\/index.php?rest_route=\/wp\/v2\/media\/50681"}],"wp:attachment":[{"href":"https:\/\/encuentroinformativo.com.mx\/index.php?rest_route=%2Fwp%2Fv2%2Fmedia&parent=50680"}],"wp:term":[{"taxonomy":"category","embeddable":true,"href":"https:\/\/encuentroinformativo.com.mx\/index.php?rest_route=%2Fwp%2Fv2%2Fcategories&post=50680"},{"taxonomy":"post_tag","embeddable":true,"href":"https:\/\/encuentroinformativo.com.mx\/index.php?rest_route=%2Fwp%2Fv2%2Ftags&post=50680"}],"curies":[{"name":"wp","href":"https:\/\/api.w.org\/{rel}","templated":true}]}}