{"id":50683,"date":"2024-02-15T11:54:10","date_gmt":"2024-02-15T17:54:10","guid":{"rendered":"https:\/\/encuentroinformativo.com.mx\/?p=50683"},"modified":"2024-02-15T11:54:19","modified_gmt":"2024-02-15T17:54:19","slug":"desestima-polo-deschamps-criticas-en-su-contra","status":"publish","type":"post","link":"https:\/\/encuentroinformativo.com.mx\/?p=50683","title":{"rendered":"Desestima Polo Deschamps cr\u00edticas en su contra"},"content":{"rendered":"\n<p><strong>Alejandro \u00c1vila<\/strong><\/p>\n\n\n\n<p>Veracruz, Ver.- Ante las cr\u00edticas que ha recibido, Hip\u00f3lito Deschamps Espino Barros, por su video en redes sociales comprando productos a alto costo, el aspirante a la gubernatura de Veracruz por Movimiento Ciudadano asever\u00f3 que, lo que opinen los &#8220;pol\u00edticos rancios&#8221; le tiene sin cuidado.<\/p>\n\n\n\n<p>Horas despu\u00e9s de publicar un video en sus cuentas de redes sociales oficiales, donde se le ve comprando diversos productos a comerciantes de la cabecera municipal de Alvarado, recibi\u00f3 severas cr\u00edticas de integrantes de la oposici\u00f3n.<\/p>\n\n\n\n<p>En ese sentido, insisti\u00f3 que su pol\u00edtica es diferente, pues lleva meses acudiendo a diversos puntos de la entidad veracruzana a platicar y consumir productos veracruzanos, y no es como otros, que solo lo hacen durante las campa\u00f1as pol\u00edticas.<\/p>\n\n\n\n<p>&#8220;Yo voy a seguir yendo todos los municipios del estado a platicar con la gente y a comprar lo que me vendan, hasta el d\u00eda de hoy, que yo sepa, no es un delito comprarle una se\u00f1ora unos cacahuates o un se\u00f1or unos chicharrones, y lo que digan los pol\u00edticos rancios me tiene sin cuidado&#8221;, asest\u00f3.<\/p>\n\n\n\n<p>El ex alcalde de Medell\u00edn de Bravo dijo que parece que la vieja pol\u00edtica le duele que \u00e9l se encuentre ayudando a los veracruzanos, mismos que considera est\u00e1n en el olvido, e independientemente de la \u00e9poca electoral, se les debe atender el resto de los d\u00edas del a\u00f1o.<\/p>\n\n\n\n<p>\u201cLos veracruzanos cuentan conmigo y voy a seguir apoy\u00e1ndolos porque adem\u00e1s no estoy violando la ley electoral ni incurriendo en alg\u00fan delito\u201d, afirm\u00f3, Polo Deschamps.&nbsp;<\/p>\n\n\n\n<p>El aspirante al gobierno de Veracruz insisti\u00f3 en que tiene la capacidad para gobernar y sabe de lo que puede ser capaz.&nbsp;<\/p>\n\n\n\n<p>\u201cAdem\u00e1s estoy en un partido como Movimiento Ciudadano, que est\u00e1 en constante crecimiento y que seguramente ser\u00e1 la segunda fuerza pol\u00edtica a nivel nacional y estatal\u201d, agreg\u00f3.<\/p>\n","protected":false},"excerpt":{"rendered":"<p>Alejandro \u00c1vila Veracruz, Ver.- Ante las cr\u00edticas que ha recibido, Hip\u00f3lito Deschamps Espino Barros, por su video en redes sociales comprando productos a alto costo, el aspirante a la gubernatura de Veracruz por Movimiento Ciudadano asever\u00f3 que, lo que opinen los &#8220;pol\u00edticos rancios&#8221; le tiene sin cuidado. Horas despu\u00e9s de publicar un video en sus [&hellip;]<\/p>\n","protected":false},"author":2476,"featured_media":50684,"comment_status":"open","ping_status":"open","sticky":false,"template":"","format":"standard","meta":{"_jetpack_memberships_contains_paid_content":false,"footnotes":""},"categories":[2],"tags":[],"class_list":["post-50683","post","type-post","status-publish","format-standard","has-post-thumbnail","hentry","category-estado"],"jetpack_featured_media_url":"https:\/\/encuentroinformativo.com.mx\/wp-content\/uploads\/2024\/02\/IMG-20240215-WA00352.jpg","jetpack_sharing_enabled":true,"jetpack_likes_enabled":true,"amp_enabled":true,"_links":{"self":[{"href":"https:\/\/encuentroinformativo.com.mx\/index.php?rest_route=\/wp\/v2\/posts\/50683","targetHints":{"allow":["GET"]}}],"collection":[{"href":"https:\/\/encuentroinformativo.com.mx\/index.php?rest_route=\/wp\/v2\/posts"}],"about":[{"href":"https:\/\/encuentroinformativo.com.mx\/index.php?rest_route=\/wp\/v2\/types\/post"}],"author":[{"embeddable":true,"href":"https:\/\/encuentroinformativo.com.mx\/index.php?rest_route=\/wp\/v2\/users\/2476"}],"replies":[{"embeddable":true,"href":"https:\/\/encuentroinformativo.com.mx\/index.php?rest_route=%2Fwp%2Fv2%2Fcomments&post=50683"}],"version-history":[{"count":1,"href":"https:\/\/encuentroinformativo.com.mx\/index.php?rest_route=\/wp\/v2\/posts\/50683\/revisions"}],"predecessor-version":[{"id":50685,"href":"https:\/\/encuentroinformativo.com.mx\/index.php?rest_route=\/wp\/v2\/posts\/50683\/revisions\/50685"}],"wp:featuredmedia":[{"embeddable":true,"href":"https:\/\/encuentroinformativo.com.mx\/index.php?rest_route=\/wp\/v2\/media\/50684"}],"wp:attachment":[{"href":"https:\/\/encuentroinformativo.com.mx\/index.php?rest_route=%2Fwp%2Fv2%2Fmedia&parent=50683"}],"wp:term":[{"taxonomy":"category","embeddable":true,"href":"https:\/\/encuentroinformativo.com.mx\/index.php?rest_route=%2Fwp%2Fv2%2Fcategories&post=50683"},{"taxonomy":"post_tag","embeddable":true,"href":"https:\/\/encuentroinformativo.com.mx\/index.php?rest_route=%2Fwp%2Fv2%2Ftags&post=50683"}],"curies":[{"name":"wp","href":"https:\/\/api.w.org\/{rel}","templated":true}]}}