{"id":50754,"date":"2024-02-16T16:54:12","date_gmt":"2024-02-16T22:54:12","guid":{"rendered":"https:\/\/encuentroinformativo.com.mx\/?p=50754"},"modified":"2024-02-16T16:54:18","modified_gmt":"2024-02-16T22:54:18","slug":"fiscalia-violo-la-norma-con-nueva-aprehension-de-ex-fiscal-jorge-n-abogado","status":"publish","type":"post","link":"https:\/\/encuentroinformativo.com.mx\/?p=50754","title":{"rendered":"Fiscal\u00eda viol\u00f3 la norma con nueva aprehensi\u00f3n de ex fiscal Jorge &#8220;N&#8221;: Abogado"},"content":{"rendered":"\n<p><strong>Dar\u00edo Pale <\/strong><\/p>\n\n\n\n<p>Xalapa, Ver.- La Fiscal\u00eda General del Estado (FGE) viol\u00f3 la norma al meterse a la Ciudad de M\u00e9xico a detener a exfiscal, eso est\u00e1 prohibido, pero lo detienen porque no les result\u00f3 tenerlo en el Altiplano, as\u00ed lo dio a conocer el abogado defensor del exfiscal de Veracruz, Jorge N, Rodolfo F\u00e9lix C\u00e1rdenas.<\/p>\n\n\n\n<p>En entrevista afirm\u00f3 que la Fiscal\u00eda General de Veracruz no pod\u00eda ejecutar una nueva orden de aprehensi\u00f3n en contra de su defendido, mientras estaba en el Estado de M\u00e9xico.<\/p>\n\n\n\n<p>No descart\u00f3 que tanto la Fiscal\u00eda del Estado de M\u00e9xico como la de Veracruz se hayan puesto de acuerdo para cumplir la orden de aprehensi\u00f3n y &#8220;hacer tiempo&#8221;.<\/p>\n\n\n\n<p>&#8220;Aqu\u00ed el tema es que Jorge est\u00e1 bajo la jurisdicci\u00f3n del Estado de M\u00e9xico. El Juez del Estado de M\u00e9xico es quien otorg\u00f3 la libertad para que siguiera el proceso en libertad frente a \u00e9l&#8221;, se\u00f1al\u00f3.<\/p>\n\n\n\n<p>&#8220;Pr\u00e1cticamente lo que hicieron fue meterse al Estado de M\u00e9xico y ejecutar una orden en contra de Jorge y eso est\u00e1 prohibido por la norma&#8221;, agreg\u00f3.<\/p>\n\n\n\n<p>Dio a conocer que la norma determina que si hay una orden de aprehensi\u00f3n de otro lugar, se tiene que suspender.<\/p>\n\n\n\n<p>Es decir, no se puede ejecutar esa orden de aprehensi\u00f3n de otro lugar porque se afecta la competencia y jurisdicci\u00f3n de otro estado donde se lleva a cabo un procedimiento, es como meterse a la casa de otro de manera ilegal.<\/p>\n\n\n\n<p>Explic\u00f3 que desde que se orden\u00f3 mandar a Jorge al penal del Altiplano por cuestiones de seguridad, el juez de Control de Pacho Viejo, perdi\u00f3 competencia y sin embargo, sigui\u00f3 conociendo el asunto.<\/p>\n\n\n\n<p>Por ello, interpusieron un amparo para que dejara de conocer el asunto, lo cual se gan\u00f3 y un Tribunal Colegiado de Circuito orden\u00f3 que el expediente se enviara al Estado de M\u00e9xico.<\/p>\n\n\n\n<p>Cuando se manda el expediente el Juez correspondiente asume la competencia y las autoridades de Veracruz ya no pod\u00edan conocer el asunto.<\/p>\n\n\n\n<p>&#8220;Ese juez del Estado de M\u00e9xico declar\u00f3 nulas todas las actuaciones del juez de Pacho Viejo porque era una autoridad que carec\u00eda de competencia como lo sostuvimos.<\/p>\n\n\n\n<p>Se declararon nulas todas las resoluciones del juez de Pacho Viejo, salvo la vinculaci\u00f3n a \u00a0proceso que dict\u00f3 y eso motiv\u00f3 que nosotros solicitaramos que se revisara la medida cautelar de Jorge porque era una prisi\u00f3n preventiva justificada&#8221;, explic\u00f3.<\/p>\n\n\n\n<p>Puntualiz\u00f3 que ayer jueves se celebr\u00f3 la audiencia y lograron que el Juez considerara que la prisi\u00f3n preventiva justificada no se pod\u00eda sostener y se modific\u00f3 la medida cautelar para que el exfiscal de Miguel \u00c1ngel Yunes enfrentara su proceso en libertad.<\/p>\n\n\n\n<p>Para lo cual se le impusieron distintas medidas cautelares como no salir del Estado, se acredit\u00f3 un domicilio para que estuviera, se entreg\u00f3 su pasaporte y visa, entre otros.<\/p>\n\n\n\n<p>Rodolfo F\u00e9lix C\u00e1rdenas coment\u00f3 que este viernes, durante la audiencia seguramente volver\u00e1 a ser imputado por otro delito para tenerlo privado de su libertad en Veracruz, ya que no les result\u00f3 tenerlo privado de su libertad en el penal del Altiplano.<\/p>\n\n\n\n<p>Por \u00faltimo se\u00f1al\u00f3 que, &#8220;van a querer tenerlo en Pacho, es un tema de los mismos hechos en donde Jorge no tiene ninguna responsabilidad&#8221;.<\/p>\n","protected":false},"excerpt":{"rendered":"<p>Dar\u00edo Pale Xalapa, Ver.- La Fiscal\u00eda General del Estado (FGE) viol\u00f3 la norma al meterse a la Ciudad de M\u00e9xico a detener a exfiscal, eso est\u00e1 prohibido, pero lo detienen porque no les result\u00f3 tenerlo en el Altiplano, as\u00ed lo dio a conocer el abogado defensor del exfiscal de Veracruz, Jorge N, Rodolfo F\u00e9lix C\u00e1rdenas. [&hellip;]<\/p>\n","protected":false},"author":2476,"featured_media":43660,"comment_status":"open","ping_status":"open","sticky":false,"template":"","format":"standard","meta":{"_jetpack_memberships_contains_paid_content":false,"footnotes":""},"categories":[2],"tags":[],"class_list":["post-50754","post","type-post","status-publish","format-standard","has-post-thumbnail","hentry","category-estado"],"jetpack_featured_media_url":"https:\/\/encuentroinformativo.com.mx\/wp-content\/uploads\/2023\/08\/IMG_1417.jpg","jetpack_sharing_enabled":true,"jetpack_likes_enabled":true,"amp_enabled":true,"_links":{"self":[{"href":"https:\/\/encuentroinformativo.com.mx\/index.php?rest_route=\/wp\/v2\/posts\/50754","targetHints":{"allow":["GET"]}}],"collection":[{"href":"https:\/\/encuentroinformativo.com.mx\/index.php?rest_route=\/wp\/v2\/posts"}],"about":[{"href":"https:\/\/encuentroinformativo.com.mx\/index.php?rest_route=\/wp\/v2\/types\/post"}],"author":[{"embeddable":true,"href":"https:\/\/encuentroinformativo.com.mx\/index.php?rest_route=\/wp\/v2\/users\/2476"}],"replies":[{"embeddable":true,"href":"https:\/\/encuentroinformativo.com.mx\/index.php?rest_route=%2Fwp%2Fv2%2Fcomments&post=50754"}],"version-history":[{"count":1,"href":"https:\/\/encuentroinformativo.com.mx\/index.php?rest_route=\/wp\/v2\/posts\/50754\/revisions"}],"predecessor-version":[{"id":50755,"href":"https:\/\/encuentroinformativo.com.mx\/index.php?rest_route=\/wp\/v2\/posts\/50754\/revisions\/50755"}],"wp:featuredmedia":[{"embeddable":true,"href":"https:\/\/encuentroinformativo.com.mx\/index.php?rest_route=\/wp\/v2\/media\/43660"}],"wp:attachment":[{"href":"https:\/\/encuentroinformativo.com.mx\/index.php?rest_route=%2Fwp%2Fv2%2Fmedia&parent=50754"}],"wp:term":[{"taxonomy":"category","embeddable":true,"href":"https:\/\/encuentroinformativo.com.mx\/index.php?rest_route=%2Fwp%2Fv2%2Fcategories&post=50754"},{"taxonomy":"post_tag","embeddable":true,"href":"https:\/\/encuentroinformativo.com.mx\/index.php?rest_route=%2Fwp%2Fv2%2Ftags&post=50754"}],"curies":[{"name":"wp","href":"https:\/\/api.w.org\/{rel}","templated":true}]}}