{"id":5076,"date":"2020-08-19T15:58:53","date_gmt":"2020-08-19T20:58:53","guid":{"rendered":"https:\/\/encuentroinformativo.com\/?p=5076"},"modified":"2020-08-19T15:58:56","modified_gmt":"2020-08-19T20:58:56","slug":"enfrenta-coatzacoalcos-problemas-cronicos-diputado","status":"publish","type":"post","link":"https:\/\/encuentroinformativo.com.mx\/?p=5076","title":{"rendered":"Enfrenta Coatzacoalcos problemas cr\u00f3nicos: Diputado"},"content":{"rendered":"\n<p><strong>Redacci\u00f3n<\/strong><\/p>\n\n\n\n<p>Xalapa, Ver.- La crisis econ\u00f3mica que se vive en Coatzacoalcos \u201ces cr\u00f3nica\u201d, as\u00ed lo se\u00f1al\u00f3 el diputado local Gonzalo Gu\u00edzar Valladares.&nbsp;<\/p>\n\n\n\n<p>En ese tenor el legislador se\u00f1al\u00f3 que la pandemia que se vive por el virus SARS-Cov-2, no solo est\u00e1 afectando la salud de la poblaci\u00f3n en la zona sur de la entidad veracruzana sino que tambi\u00e9n repercute en el \u00e1mbito econ\u00f3mico de las familias, lo cual sumado a la inseguridad que prevalece en aquella regi\u00f3n repercute de manera nociva hacia la sociedad.&nbsp;<\/p>\n\n\n\n<p>A trav\u00e9s de redes sociales, se\u00f1al\u00f3: \u201cEl tema econ\u00f3mico es un problema cr\u00f3nico que ha sido agudizado por la pandemia\u2026 la pol\u00edtica de seguridad que es la que genera la confianza, genera la inversi\u00f3n, no se est\u00e1 dando hay un gran desatino en materia de seguridad\u201d.&nbsp;<\/p>\n\n\n\n<p>A pesar de los efectos del Covid, dijo, sigue habiendo delincuencia, sigue habiendo cr\u00edmenes, extorsiones, sigue habiendo establecimientos que cierran, 45 por ejemplo m\u00e1s o menos cerrando en Coatzacoalcos grandes hoteles, empresas medianas, micros.&nbsp;<\/p>\n\n\n\n<p>Gu\u00edzar Valladares precis\u00f3 que el cierre de empresas de todos los tama\u00f1os se sigue registrando, generando as\u00ed la perdida de cientos de empleos directos e indirectos, por lo que hizo un llamado para que los distintos niveles de gobierno incluyendo el Poder Legislativo realicen acciones coordinadas a favor de la poblaci\u00f3n.&nbsp;<\/p>\n","protected":false},"excerpt":{"rendered":"<p>Redacci\u00f3n Xalapa, Ver.- La crisis econ\u00f3mica que se vive en Coatzacoalcos \u201ces cr\u00f3nica\u201d, as\u00ed lo se\u00f1al\u00f3 el diputado local Gonzalo Gu\u00edzar Valladares.&nbsp; En ese tenor el legislador se\u00f1al\u00f3 que la pandemia que se vive por el virus SARS-Cov-2, no solo est\u00e1 afectando la salud de la poblaci\u00f3n en la zona sur de la entidad veracruzana [&hellip;]<\/p>\n","protected":false},"author":1,"featured_media":2904,"comment_status":"open","ping_status":"open","sticky":false,"template":"","format":"standard","meta":{"_jetpack_memberships_contains_paid_content":false,"footnotes":""},"categories":[2],"tags":[],"class_list":["post-5076","post","type-post","status-publish","format-standard","has-post-thumbnail","hentry","category-estado"],"jetpack_featured_media_url":"https:\/\/encuentroinformativo.com.mx\/wp-content\/uploads\/2020\/05\/FB1D6508-52F1-4763-9250-2E3C27FACE35.jpeg","jetpack_sharing_enabled":true,"jetpack_likes_enabled":true,"amp_enabled":true,"_links":{"self":[{"href":"https:\/\/encuentroinformativo.com.mx\/index.php?rest_route=\/wp\/v2\/posts\/5076","targetHints":{"allow":["GET"]}}],"collection":[{"href":"https:\/\/encuentroinformativo.com.mx\/index.php?rest_route=\/wp\/v2\/posts"}],"about":[{"href":"https:\/\/encuentroinformativo.com.mx\/index.php?rest_route=\/wp\/v2\/types\/post"}],"author":[{"embeddable":true,"href":"https:\/\/encuentroinformativo.com.mx\/index.php?rest_route=\/wp\/v2\/users\/1"}],"replies":[{"embeddable":true,"href":"https:\/\/encuentroinformativo.com.mx\/index.php?rest_route=%2Fwp%2Fv2%2Fcomments&post=5076"}],"version-history":[{"count":1,"href":"https:\/\/encuentroinformativo.com.mx\/index.php?rest_route=\/wp\/v2\/posts\/5076\/revisions"}],"predecessor-version":[{"id":5077,"href":"https:\/\/encuentroinformativo.com.mx\/index.php?rest_route=\/wp\/v2\/posts\/5076\/revisions\/5077"}],"wp:featuredmedia":[{"embeddable":true,"href":"https:\/\/encuentroinformativo.com.mx\/index.php?rest_route=\/wp\/v2\/media\/2904"}],"wp:attachment":[{"href":"https:\/\/encuentroinformativo.com.mx\/index.php?rest_route=%2Fwp%2Fv2%2Fmedia&parent=5076"}],"wp:term":[{"taxonomy":"category","embeddable":true,"href":"https:\/\/encuentroinformativo.com.mx\/index.php?rest_route=%2Fwp%2Fv2%2Fcategories&post=5076"},{"taxonomy":"post_tag","embeddable":true,"href":"https:\/\/encuentroinformativo.com.mx\/index.php?rest_route=%2Fwp%2Fv2%2Ftags&post=5076"}],"curies":[{"name":"wp","href":"https:\/\/api.w.org\/{rel}","templated":true}]}}