{"id":50775,"date":"2024-02-17T15:42:09","date_gmt":"2024-02-17T21:42:09","guid":{"rendered":"https:\/\/encuentroinformativo.com.mx\/?p=50775"},"modified":"2024-02-17T15:42:13","modified_gmt":"2024-02-17T21:42:13","slug":"no-meto-las-manos-por-nadie-afirma-eleazar-guerrero","status":"publish","type":"post","link":"https:\/\/encuentroinformativo.com.mx\/?p=50775","title":{"rendered":"&#8220;No meto las manos por nadie&#8221;, afirma Eleazar Guerrero"},"content":{"rendered":"\n<p><strong>Dar\u00edo Pale <\/strong><\/p>\n\n\n\n<p>Xalapa, Ver.- Eleazar Guerrero P\u00e9rez representante de la organizaci\u00f3n pol\u00edtica Unidos Todos, ligado a Morena se deslind\u00f3 de exadministradora del Poder Judicial del Estado de Veracruz; dice que no mete las manos al fuego por nadie.<\/p>\n\n\n\n<p>En entrevista asegur\u00f3 que no mete las manos al fuego por nadie, y quien sea responsable de alguna irregularidad administrativa tendr\u00e1 que responder, ya que a lo largo de la semana se ha informado que se detect\u00f3 el presunto desv\u00edo de 50 millones de pesos del Poder Judicial, donde fue administradora Joana Marlen Bautista.<\/p>\n\n\n\n<p>Ya que fue integrada a Unidos Todos una de las exfuncionarias que se declar\u00f3 la m\u00e1s obradorista, al contratar empresas fantasmas, &#8220;perder\u201d mobiliario, y simular la reparaci\u00f3n del sistema de aire de la Ciudad Judicial de Veracruz.<\/p>\n\n\n\n<p>Antes de llegar al Poder Judicial Joana Marlen Bautista laboraba al lado de Eleazar Guerrero P\u00e9rez en la Subsecretar\u00eda de Finanzas y Planeaci\u00f3n, incluso, se especul\u00f3 que \u00e9l la recomend\u00f3 para llegar al cargo de administradora.<\/p>\n\n\n\n<p>Al cuestionarlo por la denuncia de la presidenta del TSJE que se\u00f1ala irregularidades administrativas, coment\u00f3 que \u00e9l no tiene ninguna intervenci\u00f3n, incluso, asegur\u00f3 que se enter\u00f3 por los medios de comunicaci\u00f3n sobre las denuncias que se interpusieron.<\/p>\n\n\n\n<p>\u201cHasta que se resuelvan esos temas estaremos en posici\u00f3n de opinar, por lo pronto no, porque tenemos que se respetuosos. No hay nada de eso (cacer\u00eda de brujas), yo repito, ser\u00e9 muy respetuoso del procedimiento, trat\u00e1ndose de un Poder independiente al Ejecutivo\u201d, se\u00f1al\u00f3.<\/p>\n\n\n\n<p>Por \u00faltimo coment\u00f3 que como organizaci\u00f3n respaldan el trabajo de todos los integrantes de Unidos Todos, sin embargo, la responsabilidad es de quien est\u00e1 en el cargo \u201cno son colectivas. Los recursos de cualquier poder los tiene bajo su cargo quien detenta esos cargos, y eso no es un tema colectivo ni de organizaciones\u201d.<\/p>\n","protected":false},"excerpt":{"rendered":"<p>Dar\u00edo Pale Xalapa, Ver.- Eleazar Guerrero P\u00e9rez representante de la organizaci\u00f3n pol\u00edtica Unidos Todos, ligado a Morena se deslind\u00f3 de exadministradora del Poder Judicial del Estado de Veracruz; dice que no mete las manos al fuego por nadie. En entrevista asegur\u00f3 que no mete las manos al fuego por nadie, y quien sea responsable de [&hellip;]<\/p>\n","protected":false},"author":2476,"featured_media":50776,"comment_status":"open","ping_status":"open","sticky":false,"template":"","format":"standard","meta":{"_jetpack_memberships_contains_paid_content":false,"footnotes":""},"categories":[2],"tags":[],"class_list":["post-50775","post","type-post","status-publish","format-standard","has-post-thumbnail","hentry","category-estado"],"jetpack_featured_media_url":"https:\/\/encuentroinformativo.com.mx\/wp-content\/uploads\/2024\/02\/IMG-20240217-WA00452.jpg","jetpack_sharing_enabled":true,"jetpack_likes_enabled":true,"amp_enabled":true,"_links":{"self":[{"href":"https:\/\/encuentroinformativo.com.mx\/index.php?rest_route=\/wp\/v2\/posts\/50775","targetHints":{"allow":["GET"]}}],"collection":[{"href":"https:\/\/encuentroinformativo.com.mx\/index.php?rest_route=\/wp\/v2\/posts"}],"about":[{"href":"https:\/\/encuentroinformativo.com.mx\/index.php?rest_route=\/wp\/v2\/types\/post"}],"author":[{"embeddable":true,"href":"https:\/\/encuentroinformativo.com.mx\/index.php?rest_route=\/wp\/v2\/users\/2476"}],"replies":[{"embeddable":true,"href":"https:\/\/encuentroinformativo.com.mx\/index.php?rest_route=%2Fwp%2Fv2%2Fcomments&post=50775"}],"version-history":[{"count":1,"href":"https:\/\/encuentroinformativo.com.mx\/index.php?rest_route=\/wp\/v2\/posts\/50775\/revisions"}],"predecessor-version":[{"id":50777,"href":"https:\/\/encuentroinformativo.com.mx\/index.php?rest_route=\/wp\/v2\/posts\/50775\/revisions\/50777"}],"wp:featuredmedia":[{"embeddable":true,"href":"https:\/\/encuentroinformativo.com.mx\/index.php?rest_route=\/wp\/v2\/media\/50776"}],"wp:attachment":[{"href":"https:\/\/encuentroinformativo.com.mx\/index.php?rest_route=%2Fwp%2Fv2%2Fmedia&parent=50775"}],"wp:term":[{"taxonomy":"category","embeddable":true,"href":"https:\/\/encuentroinformativo.com.mx\/index.php?rest_route=%2Fwp%2Fv2%2Fcategories&post=50775"},{"taxonomy":"post_tag","embeddable":true,"href":"https:\/\/encuentroinformativo.com.mx\/index.php?rest_route=%2Fwp%2Fv2%2Ftags&post=50775"}],"curies":[{"name":"wp","href":"https:\/\/api.w.org\/{rel}","templated":true}]}}