{"id":50799,"date":"2024-02-19T10:50:31","date_gmt":"2024-02-19T16:50:31","guid":{"rendered":"https:\/\/encuentroinformativo.com.mx\/?p=50799"},"modified":"2024-02-19T10:50:40","modified_gmt":"2024-02-19T16:50:40","slug":"aumenta-demanda-de-mercadito-en-colonias-de-veracruz","status":"publish","type":"post","link":"https:\/\/encuentroinformativo.com.mx\/?p=50799","title":{"rendered":"Aumenta demanda de Mercadito en colonias de Veracruz"},"content":{"rendered":"\n<p><strong>Alejandro \u00c1vila<\/strong><\/p>\n\n\n\n<p>Veracruz, Ver.- El \u201cMercadito pa&#8217; ti, pa t\u00fa mesa\u201d pas\u00f3 de 2 a 5 d\u00edas (lunes a viernes) a la semana debido a la alta demanda de los ciudadanos en las diversas colonias del municipio de Veracruz, inform\u00f3 el director de Desarrollo Social, Gerardo Loya Romero.<\/p>\n\n\n\n<p>&#8220;La gente ya se lleva una canasta b\u00e1sica pr\u00e1cticamente, aparte de lo que contiene Programa de Apoyo Alimentario Municipal,tambi\u00e9n puede acceder a bajo costo a verdura, fruta, pollo, carne, huevo, y se arma una canasta b\u00e1sica&#8221;, detall\u00f3.<\/p>\n\n\n\n<p>En este programa del 2024, a toda persona que compra productos a bajo costo en el Mercadito Itinerante se les obsequiar\u00e1 un kilo de tortillas.<\/p>\n\n\n\n<p>El funcionario municipal invit\u00f3 a la ciudadan\u00eda estar pendiente de las redes sociales oficiales del Ayuntamiento de Veracruz, para conocer en qu\u00e9 punto se colocar\u00e1 el Mercadito \u201cpa&#8217; ti, pa t\u00fa mesa\u201d cada d\u00eda de la semana.<\/p>\n\n\n\n<p>El otro tema, Gerardo Loya, dijo que en algunas ocasiones ha fungido como enlace entre los desarrolladores de los fraccionamientos y ciudadanos para realizar mesas de trabajo en busca de la municipalizaci\u00f3n de sus colonias.<\/p>\n\n\n\n<p>&#8220;Hay solicitudes de servicios municipales que se resuelven de manera inmediata, como es alumbrado, limpia p\u00fablica, chapeo y este tipo de acciones, y ya los problemas m\u00e1s graves son los de fraccionamientos que no est\u00e1n municipalizados, pero ah\u00ed tenemos que esperar el proceso&#8221;, expres\u00f3.<\/p>\n","protected":false},"excerpt":{"rendered":"<p>Alejandro \u00c1vila Veracruz, Ver.- El \u201cMercadito pa&#8217; ti, pa t\u00fa mesa\u201d pas\u00f3 de 2 a 5 d\u00edas (lunes a viernes) a la semana debido a la alta demanda de los ciudadanos en las diversas colonias del municipio de Veracruz, inform\u00f3 el director de Desarrollo Social, Gerardo Loya Romero. &#8220;La gente ya se lleva una canasta [&hellip;]<\/p>\n","protected":false},"author":2476,"featured_media":50800,"comment_status":"open","ping_status":"open","sticky":false,"template":"","format":"standard","meta":{"_jetpack_memberships_contains_paid_content":false,"footnotes":""},"categories":[2],"tags":[],"class_list":["post-50799","post","type-post","status-publish","format-standard","has-post-thumbnail","hentry","category-estado"],"jetpack_featured_media_url":"https:\/\/encuentroinformativo.com.mx\/wp-content\/uploads\/2024\/02\/IMG-20240219-WA0021.jpg","jetpack_sharing_enabled":true,"jetpack_likes_enabled":true,"amp_enabled":true,"_links":{"self":[{"href":"https:\/\/encuentroinformativo.com.mx\/index.php?rest_route=\/wp\/v2\/posts\/50799","targetHints":{"allow":["GET"]}}],"collection":[{"href":"https:\/\/encuentroinformativo.com.mx\/index.php?rest_route=\/wp\/v2\/posts"}],"about":[{"href":"https:\/\/encuentroinformativo.com.mx\/index.php?rest_route=\/wp\/v2\/types\/post"}],"author":[{"embeddable":true,"href":"https:\/\/encuentroinformativo.com.mx\/index.php?rest_route=\/wp\/v2\/users\/2476"}],"replies":[{"embeddable":true,"href":"https:\/\/encuentroinformativo.com.mx\/index.php?rest_route=%2Fwp%2Fv2%2Fcomments&post=50799"}],"version-history":[{"count":1,"href":"https:\/\/encuentroinformativo.com.mx\/index.php?rest_route=\/wp\/v2\/posts\/50799\/revisions"}],"predecessor-version":[{"id":50801,"href":"https:\/\/encuentroinformativo.com.mx\/index.php?rest_route=\/wp\/v2\/posts\/50799\/revisions\/50801"}],"wp:featuredmedia":[{"embeddable":true,"href":"https:\/\/encuentroinformativo.com.mx\/index.php?rest_route=\/wp\/v2\/media\/50800"}],"wp:attachment":[{"href":"https:\/\/encuentroinformativo.com.mx\/index.php?rest_route=%2Fwp%2Fv2%2Fmedia&parent=50799"}],"wp:term":[{"taxonomy":"category","embeddable":true,"href":"https:\/\/encuentroinformativo.com.mx\/index.php?rest_route=%2Fwp%2Fv2%2Fcategories&post=50799"},{"taxonomy":"post_tag","embeddable":true,"href":"https:\/\/encuentroinformativo.com.mx\/index.php?rest_route=%2Fwp%2Fv2%2Ftags&post=50799"}],"curies":[{"name":"wp","href":"https:\/\/api.w.org\/{rel}","templated":true}]}}