{"id":5082,"date":"2020-08-19T18:40:46","date_gmt":"2020-08-19T23:40:46","guid":{"rendered":"https:\/\/encuentroinformativo.com\/?p=5082"},"modified":"2020-08-19T18:40:49","modified_gmt":"2020-08-19T23:40:49","slug":"ofrece-pri-vinculacion-para-personas-con-discapacidad","status":"publish","type":"post","link":"https:\/\/encuentroinformativo.com.mx\/?p=5082","title":{"rendered":"Ofrece PRI vinculaci\u00f3n para personas con discapacidad"},"content":{"rendered":"\n<p><strong>*A pesar de encontrarse en situaciones complicadas, estas ciudadanas y ciudadanos tienen la entereza, la fortaleza y el deseo de que a la entidad le vaya mejor<\/strong>.<\/p>\n\n\n\n<p>Xalapa, Ver.- La atenci\u00f3n y apoyo a personas con discapacidad es primordial para el PRI de Veracruz, porque son un ejemplo y a pesar de encontrarse en situaciones complicadas, tienen la entereza, la fortaleza y el deseo de que a Veracruz le vaya mejor, manifest\u00f3 el presidente del CDE del PRI en la entidad, Marlon Ram\u00edrez Mar\u00edn, durante la presentaci\u00f3n de los convenios de colaboraci\u00f3n con empresas distribuidoras de aparatos funcionales, \u00f3rtesis, pr\u00f3tesis y \u00f3pticas.<\/p>\n\n\n\n<p>Durante el relanzamiento de los convenios por <em>Zoom<\/em> y en transmisi\u00f3n por <em>Facebook<\/em>, indic\u00f3 que, en el PRI, en su etapa de reconstrucci\u00f3n, se acompa\u00f1a a la poblaci\u00f3n con acciones positivas, como el apoyo en el cuidado de la salud, e incidiendo en la vida econ\u00f3mica y cultural de la militancia y la ciudadan\u00eda.<\/p>\n\n\n\n<p>La secretaria de Gesti\u00f3n Social del CDE del PRI, Ana Rosa Vald\u00e9s Salazar, reiter\u00f3 la invitaci\u00f3n a las y los veracruzanos a acercarse a la secretar\u00eda que representa o mediante redes sociales establecer contacto para que conozcan las facilidades, descuentos y promociones que el partido ha gestionado en convenio con la iniciativa privada en apoyo a la poblaci\u00f3n, en especial para las personas en situaci\u00f3n vulnerable.<\/p>\n\n\n\n<p>\u201cEl presidente Marlon Ram\u00edrez Mar\u00edn, nos ha instruido a buscar alternativas para la gente m\u00e1s vulnerable, porque ante la crisis sanitaria y econ\u00f3mica que atravesamos, ofrecer medicamentos a bajo costo, lentes a costos accesibles, servicios a domicilio o el acceso a atenci\u00f3n psicol\u00f3gica es un gran apoyo. El PRI entiende que las personas vulnerables son las que m\u00e1s necesitan, vamos a seguir tocando puertas a personas productivas y positivas que dan el ejemplo y que salen a trabajar\u201d, coment\u00f3.<\/p>\n\n\n\n<p>El <em>Centro Psicol\u00f3gico Especializado en Terapias Conductuales<\/em> ofrece atenci\u00f3n psicol\u00f3gica con un 50 por ciento de descuento a quienes requieran el servicio; \u201cestas son iniciativas positivas que se requieren ante la pandemia por Covid-19, la parte humana, de apoyo y sensibilidad a la comunidad\u201d, expres\u00f3 Juan Carlos Ben\u00edtez Ju\u00e1rez, director del Centro, que ofrece adem\u00e1s capacitaci\u00f3n a hospitales, empresas y escuelas.<\/p>\n\n\n\n<p><em>\u00d3pticas Clair<\/em>, es una empresa que tiene m\u00e1s de un a\u00f1o trabajando en convenio con el PRI en Veracruz, y en apoyo a personas con dificultades econ\u00f3micas que requieren atenci\u00f3n para atender problemas de visi\u00f3n, ofrecen lentes con un costo de 180 pesos, con micas blancas de hasta cuatro dioptr\u00edas, y lentes completos con otras caracter\u00edsticas a un costo de 250 pesos. Asimismo, servicio a domicilio sin costo alguno para personas con discapacidad en Xalapa, Banderilla y Coatepec, detall\u00f3 su representante Oscar Miguel Bailey Garc\u00eda.<\/p>\n\n\n\n<p><em>Uniorto<\/em> es una empresa que ofrece productos con descuentos a las personas que presenten tarjeta de afiliaci\u00f3n al partido, cuentan con sillas de ruedas, bastones, f\u00e9rulas, pr\u00f3tesis, ortesis, entre otros, explic\u00f3 su representante, Gabriela Viveros.<\/p>\n\n\n\n<p>Para mayor informaci\u00f3n, las personas interesadas pueden consultar las redes sociales: Facebook: Secretar\u00eda de Gesti\u00f3n Social del CDE PRI Veracruz; Twitter: Gesti\u00f3n Social PRI Veracruz y comunicarse a las oficinas al tel\u00e9fono: 2283676020 ext. 306.<\/p>\n\n\n\n<p>Participaron en el enlace Mar\u00eda Amada S\u00e1nchez Flores, coordinadora de Atenci\u00f3n a Personas con Discapacidad del CDE del PRI en Veracruz; Mart\u00edn Pineda Selvas, secretario de Atenci\u00f3n a Personas con Discapacidad del CDE del PRI en Veracruz; Carlos Hern\u00e1ndez Montero, secretario de Atenci\u00f3n a Personas con Discapacidad del Comit\u00e9 Municipal de \u00darsulo Galv\u00e1n; y como invitado Ra\u00fal Alc\u00e1ntara.<\/p>\n","protected":false},"excerpt":{"rendered":"<p>*A pesar de encontrarse en situaciones complicadas, estas ciudadanas y ciudadanos tienen la entereza, la fortaleza y el deseo de que a la entidad le vaya mejor. Xalapa, Ver.- La atenci\u00f3n y apoyo a personas con discapacidad es primordial para el PRI de Veracruz, porque son un ejemplo y a pesar de encontrarse en situaciones [&hellip;]<\/p>\n","protected":false},"author":1,"featured_media":5083,"comment_status":"open","ping_status":"open","sticky":false,"template":"","format":"standard","meta":{"_jetpack_memberships_contains_paid_content":false,"footnotes":""},"categories":[2],"tags":[],"class_list":["post-5082","post","type-post","status-publish","format-standard","has-post-thumbnail","hentry","category-estado"],"jetpack_featured_media_url":"https:\/\/encuentroinformativo.com.mx\/wp-content\/uploads\/2020\/08\/01F5CA25-B413-4427-8FBE-8858B96DAF1E.jpeg","jetpack_sharing_enabled":true,"jetpack_likes_enabled":true,"amp_enabled":true,"_links":{"self":[{"href":"https:\/\/encuentroinformativo.com.mx\/index.php?rest_route=\/wp\/v2\/posts\/5082","targetHints":{"allow":["GET"]}}],"collection":[{"href":"https:\/\/encuentroinformativo.com.mx\/index.php?rest_route=\/wp\/v2\/posts"}],"about":[{"href":"https:\/\/encuentroinformativo.com.mx\/index.php?rest_route=\/wp\/v2\/types\/post"}],"author":[{"embeddable":true,"href":"https:\/\/encuentroinformativo.com.mx\/index.php?rest_route=\/wp\/v2\/users\/1"}],"replies":[{"embeddable":true,"href":"https:\/\/encuentroinformativo.com.mx\/index.php?rest_route=%2Fwp%2Fv2%2Fcomments&post=5082"}],"version-history":[{"count":1,"href":"https:\/\/encuentroinformativo.com.mx\/index.php?rest_route=\/wp\/v2\/posts\/5082\/revisions"}],"predecessor-version":[{"id":5084,"href":"https:\/\/encuentroinformativo.com.mx\/index.php?rest_route=\/wp\/v2\/posts\/5082\/revisions\/5084"}],"wp:featuredmedia":[{"embeddable":true,"href":"https:\/\/encuentroinformativo.com.mx\/index.php?rest_route=\/wp\/v2\/media\/5083"}],"wp:attachment":[{"href":"https:\/\/encuentroinformativo.com.mx\/index.php?rest_route=%2Fwp%2Fv2%2Fmedia&parent=5082"}],"wp:term":[{"taxonomy":"category","embeddable":true,"href":"https:\/\/encuentroinformativo.com.mx\/index.php?rest_route=%2Fwp%2Fv2%2Fcategories&post=5082"},{"taxonomy":"post_tag","embeddable":true,"href":"https:\/\/encuentroinformativo.com.mx\/index.php?rest_route=%2Fwp%2Fv2%2Ftags&post=5082"}],"curies":[{"name":"wp","href":"https:\/\/api.w.org\/{rel}","templated":true}]}}