{"id":50822,"date":"2024-02-19T13:45:17","date_gmt":"2024-02-19T19:45:17","guid":{"rendered":"https:\/\/encuentroinformativo.com.mx\/?p=50822"},"modified":"2024-02-19T13:45:29","modified_gmt":"2024-02-19T19:45:29","slug":"por-veda-electoral-se-suspenderan-audiencias-de-forma-temporal-alcalde","status":"publish","type":"post","link":"https:\/\/encuentroinformativo.com.mx\/?p=50822","title":{"rendered":"Por veda electoral, se suspender\u00e1n audiencias de forma temporal: Alcalde"},"content":{"rendered":"\n<p><strong>Dar\u00edo Pale <\/strong><\/p>\n\n\n\n<p>Xalapa, Ver.- El alcalde Ricardo Ahued Bardahuil dio a conocer que debido a la veda electoral, suspender\u00e1 temporalmente audiencias ciudadanas, esto ser\u00e1 a partir del primero de marzo.<\/p>\n\n\n\n<p>En entrevista se\u00f1al\u00f3 que, a partir del 1 de marzo las audiencias ciudadanas que se realizan en el Ayuntamiento de Xalapa ser\u00e1n suspendidas temporalmente por la coyuntura electoral y acato a la ley inform\u00f3 el edil; se retomar\u00e1n tras la jornada electoral del 2 de junio.<\/p>\n\n\n\n<p>Asimismo, dio a conocer que hasta ahora en la administraci\u00f3n que dirige no se han recibido renuncias de regidores o regidoras o titulares de las direcciones en este contexto, aunque si alguien lo decidiera, enfatiz\u00f3, \u201cest\u00e1 en su derecho\u201d.<\/p>\n\n\n\n<p>\u201cEst\u00e1n en la libertad de hacerlo (\u2026), si as\u00ed fuera, estar\u00edamos respetuosos dese\u00e1ndoles lo mejor; este cabildo es el resultado de todas las fuerzas pol\u00edticas y cada uno de ellos tiene el derecho de participar activamente en el partido que representa, con todo nuestro respeto y agradecimiento porque lo que se ha hecho en Xalapa se ha logrado por la coordinaci\u00f3n de esfuerzos\u201d, se\u00f1al\u00f3.<\/p>\n\n\n\n<p>Con base en la ley, servidores p\u00fablicos que aspiren a contender por alg\u00fan puesto de elecci\u00f3n popular deber\u00e1n separarse del cargo 90 d\u00edas del d\u00eda de la elecci\u00f3n.<\/p>\n\n\n\n<p>\u201cLos mismos partidos con base a los tiempos de inscripciones ir\u00e1n dando esta informaci\u00f3n y har\u00e1n sus valoraciones respecto a si son sujetos de inscripci\u00f3n o para estar en alguna campa\u00f1a\u201d, coment\u00f3.<\/p>\n\n\n\n<p>Finalmente, reiter\u00f3 que \u00e9l est\u00e1 alejado del proceso electoral y concentrado en sus labores como presidente municipal, \u201cyo aqu\u00ed estoy, hay mucho trabajo\u201d.<\/p>\n","protected":false},"excerpt":{"rendered":"<p>Dar\u00edo Pale Xalapa, Ver.- El alcalde Ricardo Ahued Bardahuil dio a conocer que debido a la veda electoral, suspender\u00e1 temporalmente audiencias ciudadanas, esto ser\u00e1 a partir del primero de marzo. En entrevista se\u00f1al\u00f3 que, a partir del 1 de marzo las audiencias ciudadanas que se realizan en el Ayuntamiento de Xalapa ser\u00e1n suspendidas temporalmente por [&hellip;]<\/p>\n","protected":false},"author":2476,"featured_media":50823,"comment_status":"open","ping_status":"open","sticky":false,"template":"","format":"standard","meta":{"_jetpack_memberships_contains_paid_content":false,"footnotes":""},"categories":[3],"tags":[],"class_list":["post-50822","post","type-post","status-publish","format-standard","has-post-thumbnail","hentry","category-xalapa"],"jetpack_featured_media_url":"https:\/\/encuentroinformativo.com.mx\/wp-content\/uploads\/2024\/02\/IMG-20240219-WA00662.jpg","jetpack_sharing_enabled":true,"jetpack_likes_enabled":true,"amp_enabled":true,"_links":{"self":[{"href":"https:\/\/encuentroinformativo.com.mx\/index.php?rest_route=\/wp\/v2\/posts\/50822","targetHints":{"allow":["GET"]}}],"collection":[{"href":"https:\/\/encuentroinformativo.com.mx\/index.php?rest_route=\/wp\/v2\/posts"}],"about":[{"href":"https:\/\/encuentroinformativo.com.mx\/index.php?rest_route=\/wp\/v2\/types\/post"}],"author":[{"embeddable":true,"href":"https:\/\/encuentroinformativo.com.mx\/index.php?rest_route=\/wp\/v2\/users\/2476"}],"replies":[{"embeddable":true,"href":"https:\/\/encuentroinformativo.com.mx\/index.php?rest_route=%2Fwp%2Fv2%2Fcomments&post=50822"}],"version-history":[{"count":1,"href":"https:\/\/encuentroinformativo.com.mx\/index.php?rest_route=\/wp\/v2\/posts\/50822\/revisions"}],"predecessor-version":[{"id":50824,"href":"https:\/\/encuentroinformativo.com.mx\/index.php?rest_route=\/wp\/v2\/posts\/50822\/revisions\/50824"}],"wp:featuredmedia":[{"embeddable":true,"href":"https:\/\/encuentroinformativo.com.mx\/index.php?rest_route=\/wp\/v2\/media\/50823"}],"wp:attachment":[{"href":"https:\/\/encuentroinformativo.com.mx\/index.php?rest_route=%2Fwp%2Fv2%2Fmedia&parent=50822"}],"wp:term":[{"taxonomy":"category","embeddable":true,"href":"https:\/\/encuentroinformativo.com.mx\/index.php?rest_route=%2Fwp%2Fv2%2Fcategories&post=50822"},{"taxonomy":"post_tag","embeddable":true,"href":"https:\/\/encuentroinformativo.com.mx\/index.php?rest_route=%2Fwp%2Fv2%2Ftags&post=50822"}],"curies":[{"name":"wp","href":"https:\/\/api.w.org\/{rel}","templated":true}]}}