{"id":50827,"date":"2024-02-19T10:53:29","date_gmt":"2024-02-19T16:53:29","guid":{"rendered":"https:\/\/encuentroinformativo.com.mx\/?p=50827"},"modified":"2024-02-19T14:57:24","modified_gmt":"2024-02-19T20:57:24","slug":"avalan-evangelicos-marcha-por-la-democracia","status":"publish","type":"post","link":"https:\/\/encuentroinformativo.com.mx\/?p=50827","title":{"rendered":"Avalan evang\u00e9licos marcha por la democracia"},"content":{"rendered":"\n<p><strong>Dar\u00edo Pale <\/strong><\/p>\n\n\n\n<p>Xalapa, Ver.- Es muy lamentable que se busque descalificar la marcha pac\u00edfica llevada a cabo este domingo, en al menos 120 ciudades, ya que en medio de tanta \u201cguerra\u201d entre los grupos criminales y la vor\u00e1gine del Gobierno contra las instituciones aut\u00f3nomas para desaparecerlas; lo que los ciudadanos hicieron ayer fue dar un \u201cgrito de paz\u201d, as\u00ed lo dio a conocer el presidente de la Red Evang\u00e9lica de Veracruz, Guillermo Trujillo \u00c1lvarez.<\/p>\n\n\n\n<p>En conferencia de prensa, expres\u00f3 que la marcha es una se\u00f1al de que hay una parte de la poblaci\u00f3n que no est\u00e1 de acuerdo y no quiere que las instituciones sean agraviadas, eliminadas o descalificadas.<\/p>\n\n\n\n<p>Consider\u00f3 que ni el propio presidente Andr\u00e9s Manuel L\u00f3pez Obrador tiene el derecho de denostar y hacer expresiones contra aquellos que piensan distinto a \u00e9l.\u00a0<\/p>\n\n\n\n<p>\u201cNo puede un presidente adue\u00f1arse de la verdad, no es cierto, todos los ciudadanos tienen el derecho de manifestarse y de fijar su postura. Vivimos en un pa\u00eds libre y democr\u00e1tico y nadie puede descalificar esta marcha&#8221;, se\u00f1al\u00f3.<\/p>\n\n\n\n<p>&#8220;Que bueno que se manifiesten de un lado y de otro y que con base en sus argumentos cada quien que defienda sus causas, esta fue una marcha totalmente ciudadana, yo no v\u00ed ninguna bandera pol\u00edtica, ni ning\u00fan candidato. Yo v\u00ed a ciudadanos, a gente madura, gente preparada, a j\u00f3venes\u201d, agreg\u00f3.<\/p>\n\n\n\n<p>Reconoci\u00f3 que por los tiempos electorales se puede decir que la marcha ten\u00eda tintes pol\u00edticos, lo cual es v\u00e1lido para frenar la desaparici\u00f3n de instituciones aut\u00f3nomas y fuertes que velan por los intereses de los ciudadanos como el INE, la Suprema Corte de Justicia de la Naci\u00f3n, entre otros.\u00a0<\/p>\n\n\n\n<p>Por \u00faltimo, Trujillo \u00c1lvarez se\u00f1al\u00f3 que habiendo tanta \u201cguerra\u201d en el pa\u00eds entre las bandas del crimen organizado y da\u00f1ando a los ciudadanos, lo que ocurri\u00f3 este domingo fue un grito de paz.<\/p>\n","protected":false},"excerpt":{"rendered":"<p>Dar\u00edo Pale Xalapa, Ver.- Es muy lamentable que se busque descalificar la marcha pac\u00edfica llevada a cabo este domingo, en al menos 120 ciudades, ya que en medio de tanta \u201cguerra\u201d entre los grupos criminales y la vor\u00e1gine del Gobierno contra las instituciones aut\u00f3nomas para desaparecerlas; lo que los ciudadanos hicieron ayer fue dar un [&hellip;]<\/p>\n","protected":false},"author":2476,"featured_media":50828,"comment_status":"open","ping_status":"open","sticky":false,"template":"","format":"standard","meta":{"_jetpack_memberships_contains_paid_content":false,"footnotes":""},"categories":[3],"tags":[],"class_list":["post-50827","post","type-post","status-publish","format-standard","has-post-thumbnail","hentry","category-xalapa"],"jetpack_featured_media_url":"https:\/\/encuentroinformativo.com.mx\/wp-content\/uploads\/2024\/02\/IMG-20240219-WA00792.jpg","jetpack_sharing_enabled":true,"jetpack_likes_enabled":true,"amp_enabled":true,"_links":{"self":[{"href":"https:\/\/encuentroinformativo.com.mx\/index.php?rest_route=\/wp\/v2\/posts\/50827","targetHints":{"allow":["GET"]}}],"collection":[{"href":"https:\/\/encuentroinformativo.com.mx\/index.php?rest_route=\/wp\/v2\/posts"}],"about":[{"href":"https:\/\/encuentroinformativo.com.mx\/index.php?rest_route=\/wp\/v2\/types\/post"}],"author":[{"embeddable":true,"href":"https:\/\/encuentroinformativo.com.mx\/index.php?rest_route=\/wp\/v2\/users\/2476"}],"replies":[{"embeddable":true,"href":"https:\/\/encuentroinformativo.com.mx\/index.php?rest_route=%2Fwp%2Fv2%2Fcomments&post=50827"}],"version-history":[{"count":1,"href":"https:\/\/encuentroinformativo.com.mx\/index.php?rest_route=\/wp\/v2\/posts\/50827\/revisions"}],"predecessor-version":[{"id":50829,"href":"https:\/\/encuentroinformativo.com.mx\/index.php?rest_route=\/wp\/v2\/posts\/50827\/revisions\/50829"}],"wp:featuredmedia":[{"embeddable":true,"href":"https:\/\/encuentroinformativo.com.mx\/index.php?rest_route=\/wp\/v2\/media\/50828"}],"wp:attachment":[{"href":"https:\/\/encuentroinformativo.com.mx\/index.php?rest_route=%2Fwp%2Fv2%2Fmedia&parent=50827"}],"wp:term":[{"taxonomy":"category","embeddable":true,"href":"https:\/\/encuentroinformativo.com.mx\/index.php?rest_route=%2Fwp%2Fv2%2Fcategories&post=50827"},{"taxonomy":"post_tag","embeddable":true,"href":"https:\/\/encuentroinformativo.com.mx\/index.php?rest_route=%2Fwp%2Fv2%2Ftags&post=50827"}],"curies":[{"name":"wp","href":"https:\/\/api.w.org\/{rel}","templated":true}]}}