{"id":50830,"date":"2024-02-19T20:38:58","date_gmt":"2024-02-20T02:38:58","guid":{"rendered":"https:\/\/encuentroinformativo.com.mx\/?p=50830"},"modified":"2024-02-19T20:39:03","modified_gmt":"2024-02-20T02:39:03","slug":"de-paro-cardiaco-murio-menor-baleado-por-guardias-de-empresa-privada-en-veracruz","status":"publish","type":"post","link":"https:\/\/encuentroinformativo.com.mx\/?p=50830","title":{"rendered":"De paro card\u00edaco muri\u00f3 menor baleado por guardias de empresa privada en Veracruz"},"content":{"rendered":"\n<p><strong>Alejandro \u00c1vila<\/strong><\/p>\n\n\n\n<p>Veracruz, Ver.- A causa de un paro card\u00edaco falleci\u00f3 el joven de 15 a\u00f1os que fue baleado por elementos de una empresa de seguridad privada conocida como, SPGB Benignos S.A. de C.V.<\/p>\n\n\n\n<p>Es de recordar que, el joven Ad\u00e1n Javier recibi\u00f3 un disparo en la cabeza el pasado martes 13 de febrero cuando tomaba una motocicleta con la que hab\u00eda ido a comprar comida cerca de las v\u00edas del tren en la zona del Nuevo Veracruz; esta situaci\u00f3n le habr\u00eda provocado muerte cerebral instant\u00e1nea.<\/p>\n\n\n\n<p>Tras darse a conocer esta situaci\u00f3n en los medios de comunicaci\u00f3n, cinco elementos de la empresa privada fueron detenidos, los cuales argumentaron que el menor de edad estaba presuntamente sustrayendo materiales de uno de los vagones del tren, por lo cual decidieron accionar sus armas.<\/p>\n\n\n\n<p>La ma\u00f1ana de este lunes le fue notificado a los padres de Ad\u00e1n Javier que el joven hab\u00eda fallecido en el hospital donde recib\u00eda atenci\u00f3n m\u00e9dica; de la misma manera, el deceso le fue notificado a personal de la Fiscal\u00eda de Veracruz.<\/p>\n\n\n\n<p>Ad\u00e1n P\u00e9rez Castillo, padre de Ad\u00e1n Javier, confirm\u00f3 a medios de comunicaci\u00f3n a la terrible noticia; la familia del joven fallecido claman por justicia pues aseguran se trat\u00f3 de un asesinato.<\/p>\n\n\n\n<p>&#8220;No pueden andar libres los asesinos de un ni\u00f1o. Estamos consternados toda la colonia y la ciudadan\u00eda&#8221;.<\/p>\n\n\n\n<p>Familiares y amigos se\u00f1alaron que tres de los cinco guardias qu\u00e9 accionaron sus armas en contra de Ad\u00e1n Javier se encuentran libres, ya que presuntamente no habr\u00edan tenido nada que ver en el hecho.<\/p>\n\n\n\n<p>&#8220;Que haya justicia, que no se quede impune este asesinato, porque fue un asesinato con alevos\u00eda y ventaja, porque hay como 8 disparos y un cartucho de esos le pego a \u00e9l, que fue lo que le caus\u00f3 la muerte&#8221;, finaliz\u00f3.<\/p>\n\n\n\n<p>Los padres de Ad\u00e1n Javier se encuentran a la espera de que les sea entregado el cuerpo para ser llevado a la SEMEFO.<\/p>\n","protected":false},"excerpt":{"rendered":"<p>Alejandro \u00c1vila Veracruz, Ver.- A causa de un paro card\u00edaco falleci\u00f3 el joven de 15 a\u00f1os que fue baleado por elementos de una empresa de seguridad privada conocida como, SPGB Benignos S.A. de C.V. Es de recordar que, el joven Ad\u00e1n Javier recibi\u00f3 un disparo en la cabeza el pasado martes 13 de febrero cuando [&hellip;]<\/p>\n","protected":false},"author":2476,"featured_media":50831,"comment_status":"open","ping_status":"open","sticky":false,"template":"","format":"standard","meta":{"_jetpack_memberships_contains_paid_content":false,"footnotes":""},"categories":[2],"tags":[],"class_list":["post-50830","post","type-post","status-publish","format-standard","has-post-thumbnail","hentry","category-estado"],"jetpack_featured_media_url":"https:\/\/encuentroinformativo.com.mx\/wp-content\/uploads\/2024\/02\/IMG-20240219-WA01212.jpg","jetpack_sharing_enabled":true,"jetpack_likes_enabled":true,"amp_enabled":true,"_links":{"self":[{"href":"https:\/\/encuentroinformativo.com.mx\/index.php?rest_route=\/wp\/v2\/posts\/50830","targetHints":{"allow":["GET"]}}],"collection":[{"href":"https:\/\/encuentroinformativo.com.mx\/index.php?rest_route=\/wp\/v2\/posts"}],"about":[{"href":"https:\/\/encuentroinformativo.com.mx\/index.php?rest_route=\/wp\/v2\/types\/post"}],"author":[{"embeddable":true,"href":"https:\/\/encuentroinformativo.com.mx\/index.php?rest_route=\/wp\/v2\/users\/2476"}],"replies":[{"embeddable":true,"href":"https:\/\/encuentroinformativo.com.mx\/index.php?rest_route=%2Fwp%2Fv2%2Fcomments&post=50830"}],"version-history":[{"count":1,"href":"https:\/\/encuentroinformativo.com.mx\/index.php?rest_route=\/wp\/v2\/posts\/50830\/revisions"}],"predecessor-version":[{"id":50832,"href":"https:\/\/encuentroinformativo.com.mx\/index.php?rest_route=\/wp\/v2\/posts\/50830\/revisions\/50832"}],"wp:featuredmedia":[{"embeddable":true,"href":"https:\/\/encuentroinformativo.com.mx\/index.php?rest_route=\/wp\/v2\/media\/50831"}],"wp:attachment":[{"href":"https:\/\/encuentroinformativo.com.mx\/index.php?rest_route=%2Fwp%2Fv2%2Fmedia&parent=50830"}],"wp:term":[{"taxonomy":"category","embeddable":true,"href":"https:\/\/encuentroinformativo.com.mx\/index.php?rest_route=%2Fwp%2Fv2%2Fcategories&post=50830"},{"taxonomy":"post_tag","embeddable":true,"href":"https:\/\/encuentroinformativo.com.mx\/index.php?rest_route=%2Fwp%2Fv2%2Ftags&post=50830"}],"curies":[{"name":"wp","href":"https:\/\/api.w.org\/{rel}","templated":true}]}}