{"id":50836,"date":"2024-02-20T11:15:37","date_gmt":"2024-02-20T17:15:37","guid":{"rendered":"https:\/\/encuentroinformativo.com.mx\/?p=50836"},"modified":"2024-02-20T11:16:08","modified_gmt":"2024-02-20T17:16:08","slug":"por-falta-de-agua-pobladores-de-las-vigas-bloquean-carretera","status":"publish","type":"post","link":"https:\/\/encuentroinformativo.com.mx\/?p=50836","title":{"rendered":"Por falta de agua, pobladores de Las Vigas bloquean carretera"},"content":{"rendered":"\n<p><strong>Juan Arcos <\/strong><\/p>\n\n\n\n<p>Xalapa, Ver.- Pobladores de Las Vigas de Ram\u00edrez protestaron y bloquearon la carretera federal Xalapa-Perote, a la altura de la comunidad Cruz Blanca, municipio de Villa Aldama, para exigir el abastecimiento de agua.<\/p>\n\n\n\n<p>La gente decidi\u00f3 manifestarse sobre la carretera n\u00famero 140, la ma\u00f1ana de este martes 20 de febrero, debido a que llevan varios d\u00edas sin el servicio b\u00e1sico y cada mes ha sido m\u00e1s complicado el suministro.<\/p>\n\n\n\n<p>De acuerdo con David Escobar Hern\u00e1ndez, uno de los inconformes, se han entregado oficios al ayuntamiento de Las Vigas para que sea atendido el problema, pero no han recibido una respuesta favorable.<\/p>\n\n\n\n<p>Los habitantes alzaron la voz y obstaculizaron la importante v\u00eda de comunicaci\u00f3n para pedir a la Comisi\u00f3n de Agua del Estado de Veracruz (CAEV) que busque una soluci\u00f3n viable a este problema.<\/p>\n\n\n\n<p>\u201cTenemos problemas para el abastecimiento del agua potable, de manera reiterada se est\u00e1n entregando oficios a la autoridad municipal y tambi\u00e9n a la operadora del servicio de agua, pero la respuesta es una majader\u00eda a los pobladores de Las Vigas\u201d, expres\u00f3 Escobar Hern\u00e1ndez.<\/p>\n\n\n\n<p>Los habitantes se han reunido con autoridades municipales y estatales para que sea regulado el suministro del agua en la zona, pero hasta el momento contin\u00faan las carencias.<\/p>\n\n\n\n<p>El desabasto es notorio en gran parte del municipio de Las Vigas de Ram\u00edrez, sobre todo en los barrios y sus comunidades, por esa raz\u00f3n es necesaria una pronta soluci\u00f3n por parte de la Comisi\u00f3n de Agua del Estado de Veracruz.<br>Se habla de que s\u00f3lo en la zona centro del pueblo hay abastecimiento de agua, situaci\u00f3n que resulta injusto para las dem\u00e1s comunidades.<\/p>\n\n\n\n<p>&#8220;La mayor\u00eda de los habitantes se ven afectados. Te podr\u00eda decir que es el 80 por ciento\u201d, increp\u00f3 el vecino de Las Vigas, David Escobar.<\/p>\n\n\n\n<p>La gente indic\u00f3 que la soluci\u00f3n que propone CAEV es abastecer la zona con pipas de agua; sin embargo, enfatiz\u00f3 que dicha situaci\u00f3n no resuelve la problem\u00e1tica.<\/p>\n","protected":false},"excerpt":{"rendered":"<p>Juan Arcos Xalapa, Ver.- Pobladores de Las Vigas de Ram\u00edrez protestaron y bloquearon la carretera federal Xalapa-Perote, a la altura de la comunidad Cruz Blanca, municipio de Villa Aldama, para exigir el abastecimiento de agua. La gente decidi\u00f3 manifestarse sobre la carretera n\u00famero 140, la ma\u00f1ana de este martes 20 de febrero, debido a que [&hellip;]<\/p>\n","protected":false},"author":2476,"featured_media":50837,"comment_status":"open","ping_status":"open","sticky":false,"template":"","format":"standard","meta":{"_jetpack_memberships_contains_paid_content":false,"footnotes":""},"categories":[8],"tags":[],"class_list":["post-50836","post","type-post","status-publish","format-standard","has-post-thumbnail","hentry","category-region"],"jetpack_featured_media_url":"https:\/\/encuentroinformativo.com.mx\/wp-content\/uploads\/2024\/02\/ec0f21ae-dddc-4dc0-a2ec-25a4fe18acac.jpg","jetpack_sharing_enabled":true,"jetpack_likes_enabled":true,"amp_enabled":true,"_links":{"self":[{"href":"https:\/\/encuentroinformativo.com.mx\/index.php?rest_route=\/wp\/v2\/posts\/50836","targetHints":{"allow":["GET"]}}],"collection":[{"href":"https:\/\/encuentroinformativo.com.mx\/index.php?rest_route=\/wp\/v2\/posts"}],"about":[{"href":"https:\/\/encuentroinformativo.com.mx\/index.php?rest_route=\/wp\/v2\/types\/post"}],"author":[{"embeddable":true,"href":"https:\/\/encuentroinformativo.com.mx\/index.php?rest_route=\/wp\/v2\/users\/2476"}],"replies":[{"embeddable":true,"href":"https:\/\/encuentroinformativo.com.mx\/index.php?rest_route=%2Fwp%2Fv2%2Fcomments&post=50836"}],"version-history":[{"count":1,"href":"https:\/\/encuentroinformativo.com.mx\/index.php?rest_route=\/wp\/v2\/posts\/50836\/revisions"}],"predecessor-version":[{"id":50838,"href":"https:\/\/encuentroinformativo.com.mx\/index.php?rest_route=\/wp\/v2\/posts\/50836\/revisions\/50838"}],"wp:featuredmedia":[{"embeddable":true,"href":"https:\/\/encuentroinformativo.com.mx\/index.php?rest_route=\/wp\/v2\/media\/50837"}],"wp:attachment":[{"href":"https:\/\/encuentroinformativo.com.mx\/index.php?rest_route=%2Fwp%2Fv2%2Fmedia&parent=50836"}],"wp:term":[{"taxonomy":"category","embeddable":true,"href":"https:\/\/encuentroinformativo.com.mx\/index.php?rest_route=%2Fwp%2Fv2%2Fcategories&post=50836"},{"taxonomy":"post_tag","embeddable":true,"href":"https:\/\/encuentroinformativo.com.mx\/index.php?rest_route=%2Fwp%2Fv2%2Ftags&post=50836"}],"curies":[{"name":"wp","href":"https:\/\/api.w.org\/{rel}","templated":true}]}}